{"id":2237,"date":"2012-10-19T17:27:02","date_gmt":"2012-10-19T23:27:02","guid":{"rendered":"http:\/\/amanecerhuasteco.com\/portal\/2012\/10\/19\/filtros-policiacos-vulnerables-retiran-personal\/"},"modified":"2012-10-19T17:27:02","modified_gmt":"2012-10-19T23:27:02","slug":"filtros-policiacos-vulnerables-retiran-personal","status":"publish","type":"post","link":"https:\/\/amanecerhuasteco.com\/portal\/filtros-policiacos-vulnerables-retiran-personal\/","title":{"rendered":"FILTROS POLICIACOS VULNERABLES, RETIRAN PERSONAL"},"content":{"rendered":"<div style=\"text-align: justify\"><strong>&#8211; Solo polic\u00edas municipales en los retenes.<\/strong><\/div>\n<div style=\"text-align: justify\">Ciudad Valles.- 18\/10\/12.- Entre la ciudadan\u00eda hay \u00a0preocupaci\u00f3n por el retiro de personal militar y polic\u00eda del estado en los filtros \u00a0que funcionan en las carreteras de acceso a la ciudad, solamente quedaron polic\u00edas preventivos del municipio.<\/div>\n<div style=\"text-align: justify\">\u00a0 \u00a0 \u00a0 El director de esta corporaci\u00f3n fue llamado a la capital del estado, seg\u00fan informes oficiales es para dise\u00f1ar nuevas estrategias de seguridad efectivas.\u00a0<\/div>\n<div style=\"text-align: justify\">\u00a0 \u00a0 \u00a0 \u00a0Ante el aparente retiro de elementos del ej\u00e9rcito y la polic\u00eda del estado en los filtros o retenes instalados en las carreteras de acceso a la ciudad, la ciudadan\u00eda a trav\u00e9s de los diferentes medios ha expresado su preocupaci\u00f3n al considerarse indefensa por la ola delictiva que padece \u00a0esta poblaci\u00f3n, sin embargo el secretario del ayuntamiento se concret\u00f3 a informar que el director de la corporaci\u00f3n municipal est\u00e1 en la capital del estado donde participa en una reuni\u00f3n con las entidades que combaten el crimen, para dise\u00f1ar nuevas estrategias para garantizar la seguridad de los potosinos.<\/div>\n<div style=\"text-align: justify\">Por \u00faltimo, fuentes extraoficiales \u00a0informan que el contingente de la Marina acantonada en terrenos de la feria, abandonan esta plaza \u00a0el d\u00eda 20, su presencia da a la ciudadan\u00eda una sensaci\u00f3n de seguridad entre la poblaci\u00f3n<\/div>\n","protected":false},"excerpt":{"rendered":"<p>&#8211; Solo polic\u00edas municipales en los retenes. Ciudad Valles.- 18\/10\/12.- Entre la ciudadan\u00eda hay \u00a0preocupaci\u00f3n por el retiro de personal militar y polic\u00eda del estado en los filtros \u00a0que funcionan en las carreteras de acceso a la ciudad, solamente quedaron polic\u00edas preventivos del municipio. \u00a0 &hellip; <\/p>\n","protected":false},"author":1,"featured_media":17874,"comment_status":"open","ping_status":"open","sticky":false,"template":"","format":"standard","meta":{"footnotes":""},"categories":[11],"tags":[],"class_list":["post-2237","post","type-post","status-publish","format-standard","has-post-thumbnail","hentry","category-estado"],"_links":{"self":[{"href":"https:\/\/amanecerhuasteco.com\/portal\/wp-json\/wp\/v2\/posts\/2237","targetHints":{"allow":["GET"]}}],"collection":[{"href":"https:\/\/amanecerhuasteco.com\/portal\/wp-json\/wp\/v2\/posts"}],"about":[{"href":"https:\/\/amanecerhuasteco.com\/portal\/wp-json\/wp\/v2\/types\/post"}],"author":[{"embeddable":true,"href":"https:\/\/amanecerhuasteco.com\/portal\/wp-json\/wp\/v2\/users\/1"}],"replies":[{"embeddable":true,"href":"https:\/\/amanecerhuasteco.com\/portal\/wp-json\/wp\/v2\/comments?post=2237"}],"version-history":[{"count":0,"href":"https:\/\/amanecerhuasteco.com\/portal\/wp-json\/wp\/v2\/posts\/2237\/revisions"}],"wp:featuredmedia":[{"embeddable":true,"href":"https:\/\/amanecerhuasteco.com\/portal\/wp-json\/wp\/v2\/media\/17874"}],"wp:attachment":[{"href":"https:\/\/amanecerhuasteco.com\/portal\/wp-json\/wp\/v2\/media?parent=2237"}],"wp:term":[{"taxonomy":"category","embeddable":true,"href":"https:\/\/amanecerhuasteco.com\/portal\/wp-json\/wp\/v2\/categories?post=2237"},{"taxonomy":"post_tag","embeddable":true,"href":"https:\/\/amanecerhuasteco.com\/portal\/wp-json\/wp\/v2\/tags?post=2237"}],"curies":[{"name":"wp","href":"https:\/\/api.w.org\/{rel}","templated":true}]}}