{"id":2239,"date":"2012-10-19T17:28:24","date_gmt":"2012-10-19T23:28:24","guid":{"rendered":"http:\/\/amanecerhuasteco.com\/portal\/2012\/10\/19\/coordinacion-de-salud-realizara-revisiones-gratuitas-dentro-de-las-actividades-del-dia-internacional-de-cancer-de-mama\/"},"modified":"2012-10-19T17:28:24","modified_gmt":"2012-10-19T23:28:24","slug":"coordinacion-de-salud-realizara-revisiones-gratuitas-dentro-de-las-actividades-del-dia-internacional-de-cancer-de-mama","status":"publish","type":"post","link":"https:\/\/amanecerhuasteco.com\/portal\/coordinacion-de-salud-realizara-revisiones-gratuitas-dentro-de-las-actividades-del-dia-internacional-de-cancer-de-mama\/","title":{"rendered":"Coordinaci\u00f3n de Salud realizara revisiones gratuitas dentro de las actividades del \u201cD\u00eda Internacional de C\u00e1ncer de Mama\u201d"},"content":{"rendered":"<div style=\"text-align: justify\">Dentro de las actividades que llevara a cabo la Coordinaci\u00f3n de Salud, el pr\u00f3ximo 19 de Octubre en el marco de los festejos del \u201cD\u00eda Internacional de C\u00e1ncer de mama\u201d.<\/div>\n<div style=\"text-align: justify\">* Sensibilizaci\u00f3n en el sexo femenino \u00a0de edad reproductiva y m\u00e1s para revisi\u00f3n y prevenci\u00f3n de c\u00e1ncer de mama. \u00a0<\/div>\n<div style=\"text-align: justify\">* Citolog\u00eda vaginal (detenci\u00f3n oportuna de c\u00e1ncer cervicouterino). En las instancias de la Coordinaci\u00f3n y en el Hospital B\u00e1sico Comunitario.<\/div>\n<div style=\"text-align: justify\">* Las brigadas m\u00e9dicas que cubren las comunidades rurales sin servicios m\u00e9dicos traer\u00e1n y regresaran a sus comunidades a las personas \u00a0femeninas que acudir\u00e1n a las revisiones.\u00a0<\/div>\n<div style=\"text-align: justify\"><\/div>\n<div style=\"text-align: justify\">\u00a0 \u00a0 \u00a0 \u00a0 Para la realizaci\u00f3n de estas actividades est\u00e1n coordinados el Ayuntamiento presidido por \u00a0Santiago Ledezma Cano, \u00a0Rosa Linda Leal Mireles, presidenta del SMDIF, y el Hospital B\u00e1sico Comunitario a cargo de la Martha I. Gallegos \u00a0Magliano Jefa de la Unidad M\u00e9dica.<\/div>\n<div style=\"text-align: justify\">Por \u00faltimo, dijo que es relevante mencionar que el Ayuntamiento \u00a0ha realizado los trabajos f\u00edsicos y materiales en las instalaciones \u00a0 de la Coordinaci\u00f3n de Salud, para llevar a cabo este evento, as\u00ed como para servir posteriormente a desarrollar las atenciones necesarias.<\/div>\n","protected":false},"excerpt":{"rendered":"<p>Dentro de las actividades que llevara a cabo la Coordinaci\u00f3n de Salud, el pr\u00f3ximo 19 de Octubre en el marco de los festejos del \u201cD\u00eda Internacional de C\u00e1ncer de mama\u201d. * Sensibilizaci\u00f3n en el sexo femenino \u00a0de edad reproductiva y m\u00e1s para revisi\u00f3n y prevenci\u00f3n &hellip; <\/p>\n","protected":false},"author":1,"featured_media":17874,"comment_status":"open","ping_status":"open","sticky":false,"template":"","format":"standard","meta":{"footnotes":""},"categories":[20],"tags":[],"class_list":["post-2239","post","type-post","status-publish","format-standard","has-post-thumbnail","hentry","category-tamuin"],"_links":{"self":[{"href":"https:\/\/amanecerhuasteco.com\/portal\/wp-json\/wp\/v2\/posts\/2239","targetHints":{"allow":["GET"]}}],"collection":[{"href":"https:\/\/amanecerhuasteco.com\/portal\/wp-json\/wp\/v2\/posts"}],"about":[{"href":"https:\/\/amanecerhuasteco.com\/portal\/wp-json\/wp\/v2\/types\/post"}],"author":[{"embeddable":true,"href":"https:\/\/amanecerhuasteco.com\/portal\/wp-json\/wp\/v2\/users\/1"}],"replies":[{"embeddable":true,"href":"https:\/\/amanecerhuasteco.com\/portal\/wp-json\/wp\/v2\/comments?post=2239"}],"version-history":[{"count":0,"href":"https:\/\/amanecerhuasteco.com\/portal\/wp-json\/wp\/v2\/posts\/2239\/revisions"}],"wp:featuredmedia":[{"embeddable":true,"href":"https:\/\/amanecerhuasteco.com\/portal\/wp-json\/wp\/v2\/media\/17874"}],"wp:attachment":[{"href":"https:\/\/amanecerhuasteco.com\/portal\/wp-json\/wp\/v2\/media?parent=2239"}],"wp:term":[{"taxonomy":"category","embeddable":true,"href":"https:\/\/amanecerhuasteco.com\/portal\/wp-json\/wp\/v2\/categories?post=2239"},{"taxonomy":"post_tag","embeddable":true,"href":"https:\/\/amanecerhuasteco.com\/portal\/wp-json\/wp\/v2\/tags?post=2239"}],"curies":[{"name":"wp","href":"https:\/\/api.w.org\/{rel}","templated":true}]}}