{"id":2246,"date":"2012-10-20T16:50:03","date_gmt":"2012-10-20T22:50:03","guid":{"rendered":"http:\/\/amanecerhuasteco.com\/portal\/2012\/10\/20\/habra-venta-de-juegos-pirotecnicos-en-dia-de-muertos\/"},"modified":"2012-10-20T16:50:03","modified_gmt":"2012-10-20T22:50:03","slug":"habra-venta-de-juegos-pirotecnicos-en-dia-de-muertos","status":"publish","type":"post","link":"https:\/\/amanecerhuasteco.com\/portal\/habra-venta-de-juegos-pirotecnicos-en-dia-de-muertos\/","title":{"rendered":"HABRA VENTA DE JUEGOS PIROT\u00c9CNICOS EN \u201cDIA DE MUERTOS\u201d"},"content":{"rendered":"<div style=\"text-align: justify\">Tamuin .- \u00a0Con motivo de la celebraci\u00f3n de d\u00eda de muertos y la tradici\u00f3n de uso de artefactos \u00a0pirot\u00e9cnicos se autoriz\u00f3 la instalaci\u00f3n de puestos para la venta de este material de manera controlada. \u00a0<\/div>\n<div style=\"text-align: justify\">\u00a0 \u00a0 El Director de Comercio Municipal \u00a0Rodolfo Rodr\u00edguez D\u00edaz, dijo que como parte del trabajo de este departamento, se est\u00e1n determinando los lugares donde se podr\u00e1n instalar comerciantes de pirotecnia.<\/div>\n<div style=\"text-align: justify\">\u00a0 \u00a0 Aclaro que los lugares donde se autorice su instalaci\u00f3n deben de contar con una serie de medidas de seguridad aprobadas por Protecci\u00f3n Civil Municipal, y de manera tentativa pudiera ubicarse a un costado del Campo \u201cRamiro Cuevas\u201d<\/div>\n<div style=\"text-align: justify\">\u00a0 \u00a0 \u00a0La autorizaci\u00f3n para la venta de pirotecnia en Tamuin, inicia a partir del d\u00eda 19 de Octubre y concluir\u00e1 el 5 de Noviembre, tiempo durante el cual la poblaci\u00f3n podr\u00e1 adquirir la pirotecnia para celebrar el tradicional \u201cd\u00eda de muertos\u201d.<\/div>\n","protected":false},"excerpt":{"rendered":"<p>Tamuin .- \u00a0Con motivo de la celebraci\u00f3n de d\u00eda de muertos y la tradici\u00f3n de uso de artefactos \u00a0pirot\u00e9cnicos se autoriz\u00f3 la instalaci\u00f3n de puestos para la venta de este material de manera controlada. \u00a0 \u00a0 \u00a0 El Director de Comercio Municipal \u00a0Rodolfo Rodr\u00edguez D\u00edaz, &hellip; <\/p>\n","protected":false},"author":1,"featured_media":17874,"comment_status":"open","ping_status":"open","sticky":false,"template":"","format":"standard","meta":{"footnotes":""},"categories":[20],"tags":[],"class_list":["post-2246","post","type-post","status-publish","format-standard","has-post-thumbnail","hentry","category-tamuin"],"_links":{"self":[{"href":"https:\/\/amanecerhuasteco.com\/portal\/wp-json\/wp\/v2\/posts\/2246","targetHints":{"allow":["GET"]}}],"collection":[{"href":"https:\/\/amanecerhuasteco.com\/portal\/wp-json\/wp\/v2\/posts"}],"about":[{"href":"https:\/\/amanecerhuasteco.com\/portal\/wp-json\/wp\/v2\/types\/post"}],"author":[{"embeddable":true,"href":"https:\/\/amanecerhuasteco.com\/portal\/wp-json\/wp\/v2\/users\/1"}],"replies":[{"embeddable":true,"href":"https:\/\/amanecerhuasteco.com\/portal\/wp-json\/wp\/v2\/comments?post=2246"}],"version-history":[{"count":0,"href":"https:\/\/amanecerhuasteco.com\/portal\/wp-json\/wp\/v2\/posts\/2246\/revisions"}],"wp:featuredmedia":[{"embeddable":true,"href":"https:\/\/amanecerhuasteco.com\/portal\/wp-json\/wp\/v2\/media\/17874"}],"wp:attachment":[{"href":"https:\/\/amanecerhuasteco.com\/portal\/wp-json\/wp\/v2\/media?parent=2246"}],"wp:term":[{"taxonomy":"category","embeddable":true,"href":"https:\/\/amanecerhuasteco.com\/portal\/wp-json\/wp\/v2\/categories?post=2246"},{"taxonomy":"post_tag","embeddable":true,"href":"https:\/\/amanecerhuasteco.com\/portal\/wp-json\/wp\/v2\/tags?post=2246"}],"curies":[{"name":"wp","href":"https:\/\/api.w.org\/{rel}","templated":true}]}}