{"id":2247,"date":"2012-10-20T16:50:32","date_gmt":"2012-10-20T22:50:32","guid":{"rendered":"http:\/\/amanecerhuasteco.com\/portal\/2012\/10\/20\/inicia-rehabilitacion-de-areas-verdes-en-tamuin\/"},"modified":"2012-10-20T16:50:32","modified_gmt":"2012-10-20T22:50:32","slug":"inicia-rehabilitacion-de-areas-verdes-en-tamuin","status":"publish","type":"post","link":"https:\/\/amanecerhuasteco.com\/portal\/inicia-rehabilitacion-de-areas-verdes-en-tamuin\/","title":{"rendered":"Inicia rehabilitaci\u00f3n de \u00c1reas Verdes en Tamuin"},"content":{"rendered":"<div style=\"text-align: justify\">Tamuin 19\/10\/12.- Personal de la Direcci\u00f3n de Parques y Jardines ha iniciado con los trabajos de limpieza de las \u00e1reas verdes del municipio, las cuales hab\u00edan estado en el abandono total durante los \u00faltimos meses.<\/div>\n<div style=\"text-align: justify\">\u00a0 \u00a0 \u00a0 El encargado de esta Direcci\u00f3n \u00a0Enrique Borjas Salda\u00f1a menciono que a la fecha llevan ya un total de 7 \u00e1reas verdes en las cuales \u00a0han realizado limpieza, dentro de la cual han realizado poda de \u00e1rboles as\u00ed como \u00a0de maleza que se encuentra en las zonas.<\/div>\n<div style=\"text-align: justify\">\u00a0 \u00a0 \u00a0Dentro de las \u00e1reas que se han atendido esta la Glorieta Ju\u00e1rez, el camell\u00f3n del Boulevard \u00a0Adolfo L\u00f3pez Mateos, \u00e1rea verde de la Colonia Media Luna, el cementerio municipal en coordinaci\u00f3n con la Direcci\u00f3n de Obras P\u00fablicas, \u00a0como tambi\u00e9n la plaza de la Fortaleza, y la Plaza de la Amistad.<\/div>\n<div style=\"text-align: justify\">\u00a0 \u00a0 \u00a0 \u00a0Puntualizo que se estar\u00e1n realizando monitoreos de todas las \u00e1reas verdes para no dejar que la maleza cubra estos espacios y se mantengan limpios y en buenas condiciones.<\/div>\n","protected":false},"excerpt":{"rendered":"<p>Tamuin 19\/10\/12.- Personal de la Direcci\u00f3n de Parques y Jardines ha iniciado con los trabajos de limpieza de las \u00e1reas verdes del municipio, las cuales hab\u00edan estado en el abandono total durante los \u00faltimos meses. \u00a0 \u00a0 \u00a0 El encargado de esta Direcci\u00f3n \u00a0Enrique Borjas &hellip; <\/p>\n","protected":false},"author":1,"featured_media":17874,"comment_status":"open","ping_status":"open","sticky":false,"template":"","format":"standard","meta":{"footnotes":""},"categories":[20],"tags":[],"class_list":["post-2247","post","type-post","status-publish","format-standard","has-post-thumbnail","hentry","category-tamuin"],"_links":{"self":[{"href":"https:\/\/amanecerhuasteco.com\/portal\/wp-json\/wp\/v2\/posts\/2247","targetHints":{"allow":["GET"]}}],"collection":[{"href":"https:\/\/amanecerhuasteco.com\/portal\/wp-json\/wp\/v2\/posts"}],"about":[{"href":"https:\/\/amanecerhuasteco.com\/portal\/wp-json\/wp\/v2\/types\/post"}],"author":[{"embeddable":true,"href":"https:\/\/amanecerhuasteco.com\/portal\/wp-json\/wp\/v2\/users\/1"}],"replies":[{"embeddable":true,"href":"https:\/\/amanecerhuasteco.com\/portal\/wp-json\/wp\/v2\/comments?post=2247"}],"version-history":[{"count":0,"href":"https:\/\/amanecerhuasteco.com\/portal\/wp-json\/wp\/v2\/posts\/2247\/revisions"}],"wp:featuredmedia":[{"embeddable":true,"href":"https:\/\/amanecerhuasteco.com\/portal\/wp-json\/wp\/v2\/media\/17874"}],"wp:attachment":[{"href":"https:\/\/amanecerhuasteco.com\/portal\/wp-json\/wp\/v2\/media?parent=2247"}],"wp:term":[{"taxonomy":"category","embeddable":true,"href":"https:\/\/amanecerhuasteco.com\/portal\/wp-json\/wp\/v2\/categories?post=2247"},{"taxonomy":"post_tag","embeddable":true,"href":"https:\/\/amanecerhuasteco.com\/portal\/wp-json\/wp\/v2\/tags?post=2247"}],"curies":[{"name":"wp","href":"https:\/\/api.w.org\/{rel}","templated":true}]}}