{"id":2248,"date":"2012-10-20T16:50:59","date_gmt":"2012-10-20T22:50:59","guid":{"rendered":"http:\/\/amanecerhuasteco.com\/portal\/2012\/10\/20\/asiste-presidente-municipal-a-6o-jornada-de-transparencia-y-rendicion-de-cuentas-ciclo-escolar-2011-2012-del-cbta-121\/"},"modified":"2012-10-20T16:50:59","modified_gmt":"2012-10-20T22:50:59","slug":"asiste-presidente-municipal-a-6o-jornada-de-transparencia-y-rendicion-de-cuentas-ciclo-escolar-2011-2012-del-cbta-121","status":"publish","type":"post","link":"https:\/\/amanecerhuasteco.com\/portal\/asiste-presidente-municipal-a-6o-jornada-de-transparencia-y-rendicion-de-cuentas-ciclo-escolar-2011-2012-del-cbta-121\/","title":{"rendered":"Asiste Presidente Municipal a 6\u00aa Jornada de Transparencia y Rendici\u00f3n de Cuentas Ciclo Escolar 2011-2012 del CBTA 121"},"content":{"rendered":"<div style=\"text-align: justify\">Tamuin.- El Centro de Bachillerato Tecnol\u00f3gico Agropecuario (CBTA) No. 121, La 6\u00aa Jornada de Rendici\u00f3n de Cuentas la cual promueve la Secretaria de Educaci\u00f3n Publica (SEP).<\/div>\n<div style=\"text-align: justify\">\u00a0 \u00a0 Estas jornadas fueron presididas por el Presidente Municipal, Santiago Ledezma Cano, as\u00ed como integrantes del cabildo que junto con algunos representantes de las Diferentes Direcciones del Ayuntamiento, quienes fueron testigos de la rendici\u00f3n de cuentas del director del CBTA 121 Marco Antonio P\u00e9rez Delgadillo.<\/div>\n<div style=\"text-align: justify\">\u00a0 \u00a0 \u00a0Luego de dar \u00a0lectura al Informe Anual del CBTA 121, \u00a0Santiago Ledezma ofreci\u00f3 unas palabras a los asistentes en donde ofreci\u00f3 todo su apoyo a la Instituci\u00f3n, mencionando que actualmente no cuenta con recursos Econ\u00f3micos para ofrecer mucho, sin embargo pidi\u00f3 le hicieran llegar los proyectos a trav\u00e9s de los cuales el gestionar\u00eda en el Gobierno del Estado as\u00ed como de la Federaci\u00f3n.<\/div>\n","protected":false},"excerpt":{"rendered":"<p>Tamuin.- El Centro de Bachillerato Tecnol\u00f3gico Agropecuario (CBTA) No. 121, La 6\u00aa Jornada de Rendici\u00f3n de Cuentas la cual promueve la Secretaria de Educaci\u00f3n Publica (SEP). \u00a0 \u00a0 Estas jornadas fueron presididas por el Presidente Municipal, Santiago Ledezma Cano, as\u00ed como integrantes del cabildo que &hellip; <\/p>\n","protected":false},"author":1,"featured_media":17874,"comment_status":"open","ping_status":"open","sticky":false,"template":"","format":"standard","meta":{"footnotes":""},"categories":[20],"tags":[],"class_list":["post-2248","post","type-post","status-publish","format-standard","has-post-thumbnail","hentry","category-tamuin"],"_links":{"self":[{"href":"https:\/\/amanecerhuasteco.com\/portal\/wp-json\/wp\/v2\/posts\/2248","targetHints":{"allow":["GET"]}}],"collection":[{"href":"https:\/\/amanecerhuasteco.com\/portal\/wp-json\/wp\/v2\/posts"}],"about":[{"href":"https:\/\/amanecerhuasteco.com\/portal\/wp-json\/wp\/v2\/types\/post"}],"author":[{"embeddable":true,"href":"https:\/\/amanecerhuasteco.com\/portal\/wp-json\/wp\/v2\/users\/1"}],"replies":[{"embeddable":true,"href":"https:\/\/amanecerhuasteco.com\/portal\/wp-json\/wp\/v2\/comments?post=2248"}],"version-history":[{"count":0,"href":"https:\/\/amanecerhuasteco.com\/portal\/wp-json\/wp\/v2\/posts\/2248\/revisions"}],"wp:featuredmedia":[{"embeddable":true,"href":"https:\/\/amanecerhuasteco.com\/portal\/wp-json\/wp\/v2\/media\/17874"}],"wp:attachment":[{"href":"https:\/\/amanecerhuasteco.com\/portal\/wp-json\/wp\/v2\/media?parent=2248"}],"wp:term":[{"taxonomy":"category","embeddable":true,"href":"https:\/\/amanecerhuasteco.com\/portal\/wp-json\/wp\/v2\/categories?post=2248"},{"taxonomy":"post_tag","embeddable":true,"href":"https:\/\/amanecerhuasteco.com\/portal\/wp-json\/wp\/v2\/tags?post=2248"}],"curies":[{"name":"wp","href":"https:\/\/api.w.org\/{rel}","templated":true}]}}