{"id":2251,"date":"2012-10-21T17:24:03","date_gmt":"2012-10-21T23:24:03","guid":{"rendered":"http:\/\/amanecerhuasteco.com\/portal\/2012\/10\/21\/urgente-realizar-mesas-de-trabajo-con-indigenas-para-implementar-juicios-orales-css\/"},"modified":"2012-10-21T17:24:03","modified_gmt":"2012-10-21T23:24:03","slug":"urgente-realizar-mesas-de-trabajo-con-indigenas-para-implementar-juicios-orales-css","status":"publish","type":"post","link":"https:\/\/amanecerhuasteco.com\/portal\/urgente-realizar-mesas-de-trabajo-con-indigenas-para-implementar-juicios-orales-css\/","title":{"rendered":"URGENTE REALIZAR MESAS DE TRABAJO CON INDIGENAS PARA IMPLEMENTAR JUICIOS ORALES: CSS"},"content":{"rendered":"<div style=\"text-align: justify\"><strong>\u2022\u00a0El diputado Christian S\u00e1nchez S\u00e1nchez particip\u00f3 en la Conferencia Nacional para Promover la Armonizaci\u00f3n Legislativa organizada por la Comisi\u00f3n Nacional para el Desarrollo de los Pueblos Ind\u00edgenas y realizada en la Ciudad de M\u00e9xico.<\/strong><\/div>\n<div style=\"text-align: justify\">M\u00e9xico 20\/10\/12.-En el marco de la III Sesi\u00f3n Ordinaria de la Conferencia Nacional para Promover la Armonizaci\u00f3n Legislativa organizada por la Comisi\u00f3n Nacional para el Desarrollo de los Pueblos Ind\u00edgenas y realizada en la Ciudad de M\u00e9xico, el Diputado Local Christian S\u00e1nchez S\u00e1nchez realiz\u00f3 diferentes planteamientos y necesidades en materia de legislaci\u00f3n ind\u00edgena.<\/div>\n<div style=\"text-align: justify\"><\/div>\n<div style=\"text-align: justify\">El legislador potosino expuso la urgencia de realizar mesas de trabajo en las comunidades ind\u00edgenas para asumir \u00a0los nuevos procedimientos penales relacionados con la implementaci\u00f3n de juicios orales.<\/div>\n<div style=\"text-align: justify\"><\/div>\n<div style=\"text-align: justify\">Se\u00f1al\u00f3 la importancia de contar con traductores en las mesas de los ministerios p\u00fablicos que realmente cuenten con la representatividad y conocimiento de las lenguas ind\u00edgenas para realizar la correcta intepretaci\u00f3n de los asuntos y declaraciones de los ind\u00edgenas que se vean involucrados en alg\u00fan asunto referente a la procuraci\u00f3n de justicia.<\/div>\n<div style=\"text-align: justify\"><\/div>\n<div style=\"text-align: justify\">Adem\u00e1s, el Diputado Local Christian S\u00e1nchez hizo un llamado para revisar y redise\u00f1ar las reglas de operaci\u00f3n de los programas que los Estados y la Federaci\u00f3n tienen para financiar, apoyar y promover el desarrollo de los pueblos ind\u00edgenas pues existe una disparidad entre los requerimientos y el \u00a0funcionamiento de estos programas ya que los requisitos y tr\u00e1mites difieren por mucho de las condiciones y posibilidades en las que viven los grupos ind\u00edgenas del pa\u00eds.<\/div>\n<div style=\"text-align: justify\"><\/div>\n<div style=\"text-align: justify\">Por ello, el legislador potosino propuso el punto de acuerdo para que el pr\u00f3ximo mes de noviembre, en sesi\u00f3n ordinaria, se realice una reuni\u00f3n de trabajo para discutir con el legislativo federal la revisi\u00f3n de las reglas de operaci\u00f3n y el financiamiento en materia ind\u00edgena para el 2012.<\/div>\n<div style=\"text-align: justify\"><\/div>\n<div style=\"text-align: justify\">Este evento estuvo integrado por los legisladores presidentes de las comisiones de asuntos ind\u00edgenas de todo el pa\u00eds, quienes reconocieron los avances que en materia legislativa tiene el estado de San Luis Potos\u00ed.<\/div>\n<div style=\"text-align: justify\"><\/div>\n<div style=\"text-align: justify\">Al respecto, el legislador nayarita, J. Santos Renter\u00eda de la Cruz se\u00f1al\u00f3 que es una l\u00e1stima que en San Luis Potos\u00ed se de m\u00e1s apoyo a las etnias wix\u00e1rikas (huicholes) que en su propio estado de origen Nayarit.<\/div>\n<div style=\"text-align: justify\"><\/div>\n<div style=\"text-align: justify\">Ante esta situaci\u00f3n, el legislador de Nayarit solicit\u00f3 al diputado potosino trabajar de manera conjunta para apoyarse en materia de legislaci\u00f3n ind\u00edgena.<\/div>\n<div style=\"text-align: justify\"><\/div>\n<div style=\"text-align: justify\">Finalmente, se realiz\u00f3 la incorporaci\u00f3n formal del Diputado Christian S\u00e1nchez como representante de la entidad potosina en esta Comisi\u00f3n Nacional.<\/div>\n<div style=\"text-align: justify\"><\/div>\n","protected":false},"excerpt":{"rendered":"<p>\u2022\u00a0El diputado Christian S\u00e1nchez S\u00e1nchez particip\u00f3 en la Conferencia Nacional para Promover la Armonizaci\u00f3n Legislativa organizada por la Comisi\u00f3n Nacional para el Desarrollo de los Pueblos Ind\u00edgenas y realizada en la Ciudad de M\u00e9xico. M\u00e9xico 20\/10\/12.-En el marco de la III Sesi\u00f3n Ordinaria de la &hellip; <\/p>\n","protected":false},"author":1,"featured_media":2250,"comment_status":"open","ping_status":"open","sticky":false,"template":"","format":"standard","meta":{"footnotes":""},"categories":[4],"tags":[],"class_list":["post-2251","post","type-post","status-publish","format-standard","has-post-thumbnail","hentry","category-inicio"],"_links":{"self":[{"href":"https:\/\/amanecerhuasteco.com\/portal\/wp-json\/wp\/v2\/posts\/2251","targetHints":{"allow":["GET"]}}],"collection":[{"href":"https:\/\/amanecerhuasteco.com\/portal\/wp-json\/wp\/v2\/posts"}],"about":[{"href":"https:\/\/amanecerhuasteco.com\/portal\/wp-json\/wp\/v2\/types\/post"}],"author":[{"embeddable":true,"href":"https:\/\/amanecerhuasteco.com\/portal\/wp-json\/wp\/v2\/users\/1"}],"replies":[{"embeddable":true,"href":"https:\/\/amanecerhuasteco.com\/portal\/wp-json\/wp\/v2\/comments?post=2251"}],"version-history":[{"count":0,"href":"https:\/\/amanecerhuasteco.com\/portal\/wp-json\/wp\/v2\/posts\/2251\/revisions"}],"wp:featuredmedia":[{"embeddable":true,"href":"https:\/\/amanecerhuasteco.com\/portal\/wp-json\/wp\/v2\/media\/2250"}],"wp:attachment":[{"href":"https:\/\/amanecerhuasteco.com\/portal\/wp-json\/wp\/v2\/media?parent=2251"}],"wp:term":[{"taxonomy":"category","embeddable":true,"href":"https:\/\/amanecerhuasteco.com\/portal\/wp-json\/wp\/v2\/categories?post=2251"},{"taxonomy":"post_tag","embeddable":true,"href":"https:\/\/amanecerhuasteco.com\/portal\/wp-json\/wp\/v2\/tags?post=2251"}],"curies":[{"name":"wp","href":"https:\/\/api.w.org\/{rel}","templated":true}]}}