{"id":2267,"date":"2012-10-24T20:54:58","date_gmt":"2012-10-25T02:54:58","guid":{"rendered":"http:\/\/amanecerhuasteco.com\/portal\/2012\/10\/24\/toranzo-fernandez-cortara-el-liston-inaugural-de-la-oficina-de-enlace-de-jorge-teran-juarez\/"},"modified":"2012-10-24T20:54:58","modified_gmt":"2012-10-25T02:54:58","slug":"toranzo-fernandez-cortara-el-liston-inaugural-de-la-oficina-de-enlace-de-jorge-teran-juarez","status":"publish","type":"post","link":"https:\/\/amanecerhuasteco.com\/portal\/toranzo-fernandez-cortara-el-liston-inaugural-de-la-oficina-de-enlace-de-jorge-teran-juarez\/","title":{"rendered":"Toranzo Fern\u00e1ndez cortar\u00e1 el list\u00f3n inaugural de la oficina de enlace de Jorge Ter\u00e1n Ju\u00e1rez"},"content":{"rendered":"<div style=\"text-align: justify\">Ciudad Valles 22\/10\/12.- Ser\u00e1 este viernes 26 de octubre cuando se lleve a cabo la inauguraci\u00f3n de la Oficina de Gestor\u00eda del Diputado Federal por el IV Distrito Electoral Jorge Ter\u00e1n Ju\u00e1rez, evento que se tiene programado para dar inicio a partir de las 14:00 hrs., con la presencia del Gobernador del Estado, Fernando Toranzo Fern\u00e1ndez.<\/div>\n<div style=\"text-align: justify\"><\/div>\n<div style=\"text-align: justify\">A trav\u00e9s de la apertura de este espacio Jorge Ter\u00e1n Ju\u00e1rez atender\u00e1 las propuestas de los habitantes de los 8 municipios que conforman el IV Distrito Electoral y con quienes se comprometi\u00f3 durante la labor proselitista a fungir como un gestor de proyectos ante los diferentes niveles de gobierno.<\/div>\n<div style=\"text-align: justify\"><\/div>\n<div style=\"text-align: justify\">Ter\u00e1n Ju\u00e1rez mencion\u00f3 que la oficina contar\u00e1 con dispensario m\u00e9dico con un doctor que dar\u00e1 consulta gratuita a las personas que as\u00ed lo requieran, adem\u00e1s de asesor\u00eda jur\u00eddica y fiscal a cargo de personal especializado en las diferentes \u00e1reas.<\/div>\n<div style=\"text-align: justify\"><\/div>\n<div style=\"text-align: justify\">El legislador federal quien adem\u00e1s es el coordinador de la bancada de diputados pri\u00edstas de San Luis Potos\u00ed en el Congreso de la Uni\u00f3n, mencion\u00f3 que la oficina de enlace y gestor\u00eda se encuentra ubicada en la Calle 16 de septiembre No. 1034 esquina con Bocanegra en la Colonia Obrera, sitio al que los habitantes del IV Distrito Electoral pueden acercarse a recibir todo tipo de asesor\u00eda.<\/div>\n<div style=\"text-align: justify\"><\/div>\n<div style=\"text-align: justify\">Finalmente Ter\u00e1n Ju\u00e1rez se\u00f1al\u00f3 que despu\u00e9s de un gran esfuerzo y negociaci\u00f3n con diferentes productores agr\u00edcolas, el programa alimentario \u201cBandera\u201d se reactivar\u00e1 en los primeros d\u00edas de la semana pr\u00f3xima con un costo de 20 pesos por paquete, conteniendo chile, tomate, cebolla y pap\u00e1, ofreciendo as\u00ed un gran apoyo para las familias de escasos recursos.<\/div>\n<div style=\"text-align: justify\"><\/div>\n","protected":false},"excerpt":{"rendered":"<p>Ciudad Valles 22\/10\/12.- Ser\u00e1 este viernes 26 de octubre cuando se lleve a cabo la inauguraci\u00f3n de la Oficina de Gestor\u00eda del Diputado Federal por el IV Distrito Electoral Jorge Ter\u00e1n Ju\u00e1rez, evento que se tiene programado para dar inicio a partir de las 14:00 &hellip; <\/p>\n","protected":false},"author":1,"featured_media":17874,"comment_status":"open","ping_status":"open","sticky":false,"template":"","format":"standard","meta":{"footnotes":""},"categories":[7],"tags":[],"class_list":["post-2267","post","type-post","status-publish","format-standard","has-post-thumbnail","hentry","category-ciudad"],"_links":{"self":[{"href":"https:\/\/amanecerhuasteco.com\/portal\/wp-json\/wp\/v2\/posts\/2267","targetHints":{"allow":["GET"]}}],"collection":[{"href":"https:\/\/amanecerhuasteco.com\/portal\/wp-json\/wp\/v2\/posts"}],"about":[{"href":"https:\/\/amanecerhuasteco.com\/portal\/wp-json\/wp\/v2\/types\/post"}],"author":[{"embeddable":true,"href":"https:\/\/amanecerhuasteco.com\/portal\/wp-json\/wp\/v2\/users\/1"}],"replies":[{"embeddable":true,"href":"https:\/\/amanecerhuasteco.com\/portal\/wp-json\/wp\/v2\/comments?post=2267"}],"version-history":[{"count":0,"href":"https:\/\/amanecerhuasteco.com\/portal\/wp-json\/wp\/v2\/posts\/2267\/revisions"}],"wp:featuredmedia":[{"embeddable":true,"href":"https:\/\/amanecerhuasteco.com\/portal\/wp-json\/wp\/v2\/media\/17874"}],"wp:attachment":[{"href":"https:\/\/amanecerhuasteco.com\/portal\/wp-json\/wp\/v2\/media?parent=2267"}],"wp:term":[{"taxonomy":"category","embeddable":true,"href":"https:\/\/amanecerhuasteco.com\/portal\/wp-json\/wp\/v2\/categories?post=2267"},{"taxonomy":"post_tag","embeddable":true,"href":"https:\/\/amanecerhuasteco.com\/portal\/wp-json\/wp\/v2\/tags?post=2267"}],"curies":[{"name":"wp","href":"https:\/\/api.w.org\/{rel}","templated":true}]}}