{"id":2269,"date":"2012-10-24T20:56:02","date_gmt":"2012-10-25T02:56:02","guid":{"rendered":"http:\/\/amanecerhuasteco.com\/portal\/2012\/10\/24\/la-escuela-secundaria-2-ricardo-flores-magon-celebro-su-30-aniversario-de-fundacion\/"},"modified":"2012-10-24T20:56:02","modified_gmt":"2012-10-25T02:56:02","slug":"la-escuela-secundaria-2-ricardo-flores-magon-celebro-su-30-aniversario-de-fundacion","status":"publish","type":"post","link":"https:\/\/amanecerhuasteco.com\/portal\/la-escuela-secundaria-2-ricardo-flores-magon-celebro-su-30-aniversario-de-fundacion\/","title":{"rendered":"LA ESCUELA SECUNDARIA 2 \u201cRICARDO FLORES MAGON\u201d CELEBRO SU 30 ANIVERSARIO DE FUNDACION"},"content":{"rendered":"<div><strong>&#8211; Entregan reconocimientos \u00a0\u201cfundadores\u201d\u00a0<\/strong><\/div>\n<div style=\"text-align: justify\">Tamuin 19\/10\/12.- Con actividades c\u00edvico culturales se realizo el pasado 19 de Octubre de 2012, la celebraci\u00f3n del 30 aniversario de fundaci\u00f3n de la Escuela Secundaria n\u00famero 2 \u201cRicardo Flores Mag\u00f3n\u201d evento en el cual se entregaron reconocimiento a exdirectores y exalumnos.<\/div>\n<div style=\"text-align: justify\">\u00a0 \u00a0 \u00a0 Guadalupe Reyes, director de la Secundaria \u201cRicardo Flores Mag\u00f3n\u201d, \u00a0inform\u00f3 que para celebrar el 30 aniversario de fundaci\u00f3n de este plantel educativo fueron invitados de honor el alcalde Santiago Ledezma Cano asistiendo en su representaci\u00f3n Fabi\u00e1n Zapata Ramos Sindico del Ayuntamiento, el Profesor Melquiades Lara Melo Coordinador de la URSE en la Huasteca, el profesor Irineo V\u00e1zquez Santill\u00e1n director de la Secundaria Ponciano Arriaga.<\/div>\n<div style=\"text-align: justify\">\u00a0 \u00a0 \u00a0 Luego de los honores a la bandera y de la lectura de una semblanza de la historia de la fundaci\u00f3n de la Secundaria \u201cRicardo Flores Magon\u201d que fue fundada en el mes de mayo de 1982 siendo Secretario de Educaci\u00f3n Jos\u00e9 Luis Cervantes Verastegui, \u00a0iniciando con 6 grupos y un total de 214 alumnos.<\/div>\n<div style=\"text-align: justify\">\u00a0 \u00a0 \u00a0 Despu\u00e9s de muchos sacrificios de maestros, alumnos, padres de familia y gestor\u00eda el 29 de diciembre de 1982 la escuela fue inaugurada por el entonces Gobernador del Estado, Carlos Jonguitud Barrios y Presidente Municipal de Tamuin Joel Limas Loredo.<\/div>\n<div style=\"text-align: justify\">\u00a0 \u00a0 Asimismo, como parte de la celebraci\u00f3n del 30 aniversario de fundaci\u00f3n de la Secundaria \u201cRicardo Flores Magon\u201d se entregaron reconocimientos a los profesores fundadores, Edison Gayt\u00e1n Andrade, Felipe Cuellar Medina, Vicente Flores del \u00c1ngel, pascual Z\u00fa\u00f1iga del \u00c1ngel y a la primera presidenta de la sociedad de padres de familia, Carlota L\u00f3pez y la primer presidenta de la sociedad de alumnos Griselda Mendoza L\u00f3pez.<\/div>\n<div style=\"text-align: justify\">\u00a0 \u00a0Por \u00faltimo, el director Guadalupe Reyes, exhorto a los alumnos a seguir haciendo su mejor esfuerzo por aprovechar la educaci\u00f3n y en sean el futuro que M\u00e9xico necesita, agradeciendo a los padres de familia su respaldo para hacer realidad obras en beneficio de los educandos.<\/div>\n","protected":false},"excerpt":{"rendered":"<p>&#8211; Entregan reconocimientos \u00a0\u201cfundadores\u201d\u00a0 Tamuin 19\/10\/12.- Con actividades c\u00edvico culturales se realizo el pasado 19 de Octubre de 2012, la celebraci\u00f3n del 30 aniversario de fundaci\u00f3n de la Escuela Secundaria n\u00famero 2 \u201cRicardo Flores Mag\u00f3n\u201d evento en el cual se entregaron reconocimiento a exdirectores y &hellip; <\/p>\n","protected":false},"author":1,"featured_media":2268,"comment_status":"open","ping_status":"open","sticky":false,"template":"","format":"standard","meta":{"footnotes":""},"categories":[20],"tags":[],"class_list":["post-2269","post","type-post","status-publish","format-standard","has-post-thumbnail","hentry","category-tamuin"],"_links":{"self":[{"href":"https:\/\/amanecerhuasteco.com\/portal\/wp-json\/wp\/v2\/posts\/2269","targetHints":{"allow":["GET"]}}],"collection":[{"href":"https:\/\/amanecerhuasteco.com\/portal\/wp-json\/wp\/v2\/posts"}],"about":[{"href":"https:\/\/amanecerhuasteco.com\/portal\/wp-json\/wp\/v2\/types\/post"}],"author":[{"embeddable":true,"href":"https:\/\/amanecerhuasteco.com\/portal\/wp-json\/wp\/v2\/users\/1"}],"replies":[{"embeddable":true,"href":"https:\/\/amanecerhuasteco.com\/portal\/wp-json\/wp\/v2\/comments?post=2269"}],"version-history":[{"count":0,"href":"https:\/\/amanecerhuasteco.com\/portal\/wp-json\/wp\/v2\/posts\/2269\/revisions"}],"wp:featuredmedia":[{"embeddable":true,"href":"https:\/\/amanecerhuasteco.com\/portal\/wp-json\/wp\/v2\/media\/2268"}],"wp:attachment":[{"href":"https:\/\/amanecerhuasteco.com\/portal\/wp-json\/wp\/v2\/media?parent=2269"}],"wp:term":[{"taxonomy":"category","embeddable":true,"href":"https:\/\/amanecerhuasteco.com\/portal\/wp-json\/wp\/v2\/categories?post=2269"},{"taxonomy":"post_tag","embeddable":true,"href":"https:\/\/amanecerhuasteco.com\/portal\/wp-json\/wp\/v2\/tags?post=2269"}],"curies":[{"name":"wp","href":"https:\/\/api.w.org\/{rel}","templated":true}]}}