{"id":2277,"date":"2012-10-25T16:53:02","date_gmt":"2012-10-25T22:53:02","guid":{"rendered":"http:\/\/amanecerhuasteco.com\/portal\/2012\/10\/25\/una-emergencia-crear-fuentes-de-trabajo-en-valles\/"},"modified":"2012-10-25T16:53:02","modified_gmt":"2012-10-25T22:53:02","slug":"una-emergencia-crear-fuentes-de-trabajo-en-valles","status":"publish","type":"post","link":"https:\/\/amanecerhuasteco.com\/portal\/una-emergencia-crear-fuentes-de-trabajo-en-valles\/","title":{"rendered":"UNA EMERGENCIA CREAR FUENTES DE TRABAJO EN VALLES"},"content":{"rendered":"<div style=\"text-align: justify\"><strong>&#8211; Monocultivo de la ca\u00f1a no absorbe profesionales<\/strong><\/div>\n<div style=\"text-align: justify\">Ciudad Valles 24\/10\/12.- La generaci\u00f3n de empleos trayendo empresas y centros fabriles a esta ciudad es prioritario, las autoridades municipales y el \u201cestado ponga sus ojos\u201d en Valles no solo cuando los aspirantes a un puesto de elecci\u00f3n pronuncian compromisos que nunca cumplen.<\/div>\n<div style=\"text-align: justify\">\u00a0 \u00a0 \u00a0Si bien iniciar\u00e1n actividades tres centros comerciales pr\u00f3ximamente, no son suficientes para dar cabida a miles de egresados de estudios nivel medio y superior, estos emigran a otras latitudes.<\/div>\n<div style=\"text-align: justify\">\u00a0 \u00a0 \u00a0 El empresario farmac\u00e9utico Jos\u00e9 Trinidad Gonz\u00e1lez, advierte del problema que pesa sobre j\u00f3venes que egresan de centros educativos de nivel medio y superior, no tienen opciones para emplearse en cuanto egresan, eso obliga a que emigren a otras latitudes, en Valles \u00a0no existe ninguna posibilidad de encontrar acomodo, no hay fuentes fabriles que demanden mano calificada.<\/div>\n<div style=\"text-align: justify\">\u00a0 \u00a0 \u00a0 \u00a0Esta situaci\u00f3n es grave, mientras no haya inter\u00e9s de los tres niveles de gobierno, no habr\u00e1 inversionistas interesados en Valles, si no hay trabajo, la econom\u00eda estar\u00e1 estancada, no habr\u00e1 ingreso permanente \u00a0\u2013 dice el empresario \u2013 basta ver en la zona centro, los establecimientos \u201cest\u00e1n tristes\u201d lo mas grave es que han reducido su planta laboral. Sin embargo se espera la pr\u00f3xima Navidad para elevar sus ventas y tambi\u00e9n habr\u00e1 contrataci\u00f3n de trabajadores, despu\u00e9s \u00a0nuevamente \u00a0quedar\u00e1n cesantes.<\/div>\n","protected":false},"excerpt":{"rendered":"<p>&#8211; Monocultivo de la ca\u00f1a no absorbe profesionales Ciudad Valles 24\/10\/12.- La generaci\u00f3n de empleos trayendo empresas y centros fabriles a esta ciudad es prioritario, las autoridades municipales y el \u201cestado ponga sus ojos\u201d en Valles no solo cuando los aspirantes a un puesto de &hellip; <\/p>\n","protected":false},"author":1,"featured_media":17874,"comment_status":"open","ping_status":"open","sticky":false,"template":"","format":"standard","meta":{"footnotes":""},"categories":[7],"tags":[],"class_list":["post-2277","post","type-post","status-publish","format-standard","has-post-thumbnail","hentry","category-ciudad"],"_links":{"self":[{"href":"https:\/\/amanecerhuasteco.com\/portal\/wp-json\/wp\/v2\/posts\/2277","targetHints":{"allow":["GET"]}}],"collection":[{"href":"https:\/\/amanecerhuasteco.com\/portal\/wp-json\/wp\/v2\/posts"}],"about":[{"href":"https:\/\/amanecerhuasteco.com\/portal\/wp-json\/wp\/v2\/types\/post"}],"author":[{"embeddable":true,"href":"https:\/\/amanecerhuasteco.com\/portal\/wp-json\/wp\/v2\/users\/1"}],"replies":[{"embeddable":true,"href":"https:\/\/amanecerhuasteco.com\/portal\/wp-json\/wp\/v2\/comments?post=2277"}],"version-history":[{"count":0,"href":"https:\/\/amanecerhuasteco.com\/portal\/wp-json\/wp\/v2\/posts\/2277\/revisions"}],"wp:featuredmedia":[{"embeddable":true,"href":"https:\/\/amanecerhuasteco.com\/portal\/wp-json\/wp\/v2\/media\/17874"}],"wp:attachment":[{"href":"https:\/\/amanecerhuasteco.com\/portal\/wp-json\/wp\/v2\/media?parent=2277"}],"wp:term":[{"taxonomy":"category","embeddable":true,"href":"https:\/\/amanecerhuasteco.com\/portal\/wp-json\/wp\/v2\/categories?post=2277"},{"taxonomy":"post_tag","embeddable":true,"href":"https:\/\/amanecerhuasteco.com\/portal\/wp-json\/wp\/v2\/tags?post=2277"}],"curies":[{"name":"wp","href":"https:\/\/api.w.org\/{rel}","templated":true}]}}