{"id":2288,"date":"2012-10-27T17:17:23","date_gmt":"2012-10-27T23:17:23","guid":{"rendered":"http:\/\/amanecerhuasteco.com\/portal\/2012\/10\/27\/ahora-si-gobierno-del-estado-pondra-los-ojos-en-valles-y-la-huasteca-ttc\/"},"modified":"2012-10-27T17:17:23","modified_gmt":"2012-10-27T23:17:23","slug":"ahora-si-gobierno-del-estado-pondra-los-ojos-en-valles-y-la-huasteca-ttc","status":"publish","type":"post","link":"https:\/\/amanecerhuasteco.com\/portal\/ahora-si-gobierno-del-estado-pondra-los-ojos-en-valles-y-la-huasteca-ttc\/","title":{"rendered":"AHORA SI GOBIERNO DEL ESTADO \u201cPONDRA LOS OJOS EN VALLES Y LA HUASTECA\u201d TTC"},"content":{"rendered":"<div>Ciudad Valles S.L.P. 26\/10\/12.-El Senador pri\u00edsta Te\u00f3filo Torres Corzo, hizo alentadoras promesas \u00a0a los Vallenses y Huastecos, que \u201cpronto llegar\u00e1n a Valles las inversiones\u201d es un encargo del gobierno del estado para la creaci\u00f3n de fuentes de trabajo y sacar del marasmo econ\u00f3mico a esta regi\u00f3n del estado.<\/div>\n<div>\u00a0 \u00a0 \u00a0 \u00a0 \u00a0 El Senador potosino estuvo en esta ciudad en un evento pol\u00edtico donde por encargo del gobernador del estado manifest\u00f3 a los concurrentes la promoci\u00f3n \u00a0ante los empresarios de pa\u00edses del mundo \u201cpara que vengan a invertir en la Huasteca este es el trabajo que me ha encomendado por gobernador \u2013 dice el pol\u00edtico \u2013 pronto lo ver\u00e1n en los medios de comunicaci\u00f3n.\u00a0<\/div>\n<div>\u00a0 \u00a0 \u00a0Vamos a tratar de traer empleo a M\u00e9xico, por supuesto a San Lu\u00eds Potos\u00ed y la Huasteca potosina. Estamos trabajando en ello\u201d<\/div>\n<div>Recalca \u201cvendr\u00e1n hombres importantes del mundo para invertir en nuevas industrias generadoras \u00a0de empleo\u201d Los Huastecos tienen la necesidad de subsistir para ser cada vez mejor\u201d<\/div>\n","protected":false},"excerpt":{"rendered":"<p>Ciudad Valles S.L.P. 26\/10\/12.-El Senador pri\u00edsta Te\u00f3filo Torres Corzo, hizo alentadoras promesas \u00a0a los Vallenses y Huastecos, que \u201cpronto llegar\u00e1n a Valles las inversiones\u201d es un encargo del gobierno del estado para la creaci\u00f3n de fuentes de trabajo y sacar del marasmo econ\u00f3mico a esta &hellip; <\/p>\n","protected":false},"author":1,"featured_media":17874,"comment_status":"open","ping_status":"open","sticky":false,"template":"","format":"standard","meta":{"footnotes":""},"categories":[4],"tags":[],"class_list":["post-2288","post","type-post","status-publish","format-standard","has-post-thumbnail","hentry","category-inicio"],"_links":{"self":[{"href":"https:\/\/amanecerhuasteco.com\/portal\/wp-json\/wp\/v2\/posts\/2288","targetHints":{"allow":["GET"]}}],"collection":[{"href":"https:\/\/amanecerhuasteco.com\/portal\/wp-json\/wp\/v2\/posts"}],"about":[{"href":"https:\/\/amanecerhuasteco.com\/portal\/wp-json\/wp\/v2\/types\/post"}],"author":[{"embeddable":true,"href":"https:\/\/amanecerhuasteco.com\/portal\/wp-json\/wp\/v2\/users\/1"}],"replies":[{"embeddable":true,"href":"https:\/\/amanecerhuasteco.com\/portal\/wp-json\/wp\/v2\/comments?post=2288"}],"version-history":[{"count":0,"href":"https:\/\/amanecerhuasteco.com\/portal\/wp-json\/wp\/v2\/posts\/2288\/revisions"}],"wp:featuredmedia":[{"embeddable":true,"href":"https:\/\/amanecerhuasteco.com\/portal\/wp-json\/wp\/v2\/media\/17874"}],"wp:attachment":[{"href":"https:\/\/amanecerhuasteco.com\/portal\/wp-json\/wp\/v2\/media?parent=2288"}],"wp:term":[{"taxonomy":"category","embeddable":true,"href":"https:\/\/amanecerhuasteco.com\/portal\/wp-json\/wp\/v2\/categories?post=2288"},{"taxonomy":"post_tag","embeddable":true,"href":"https:\/\/amanecerhuasteco.com\/portal\/wp-json\/wp\/v2\/tags?post=2288"}],"curies":[{"name":"wp","href":"https:\/\/api.w.org\/{rel}","templated":true}]}}