{"id":2331,"date":"2012-11-05T21:15:39","date_gmt":"2012-11-06T03:15:39","guid":{"rendered":"http:\/\/amanecerhuasteco.com\/portal\/2012\/11\/05\/con-exito-se-realiza-concurso-de-disfraces-en-la-calera\/"},"modified":"2012-11-05T21:15:39","modified_gmt":"2012-11-06T03:15:39","slug":"con-exito-se-realiza-concurso-de-disfraces-en-la-calera","status":"publish","type":"post","link":"https:\/\/amanecerhuasteco.com\/portal\/con-exito-se-realiza-concurso-de-disfraces-en-la-calera\/","title":{"rendered":"CON \u00c9XITO SE REALIZA CONCURSO DE DISFRACES EN LA \u201cCALERA\u201d"},"content":{"rendered":"<div align=\"justify\"><\/div>\n<div align=\"justify\">Ciudad Valles S.L.P. 5\/11\/2012.- Con motivo de los festejos de \u201cD\u00eda de Muertos\u201d autoridades y habitantes en la comunidad de \u201cLa Calera\u201d de este municipio organizaron un pintoresco concurso de disfraces.<br \/>\u00a0\u00a0\u00a0\u00a0 Juan de la Cruz Hern\u00e1ndez, Presidente del Comit\u00e9 Comunitario del ejido Alvaro Obreg\u00f3n, inform\u00f3 que fue todo un \u00e9xito el concurso de disfraces realizado en la comunidad de la \u201cCalera\u201d con motivo del D\u00eda de Muertos.<br \/>\u00a0\u00a0\u00a0\u00a0\u00a0\u00a0 Para ello se invitaron como jurado calificador a Cecilia Herrera Arteaga, Silvia Edith M\u00e1rquez Montoya y Jos\u00e9 Matilde Hern\u00e1ndez M\u00e9ndez (presidente del jurado), teniendo un total de una participaci\u00f3n de 25 comparsas de disfraces, que luego de su presentaci\u00f3n los ganaderos fueron los \u201cHuehues\u201d llamados la \u201cMistica\u201d que obtuvo el primer lugar y un premio de $600, el segundo lugar lo obtuvo \u201cLa Barbi\u201d con $400 y el tercer lugar lo gano el huehue llamado \u201cLa Caguama de la Calera\u201d que recibi\u00f3 de premio $200.<br \/><img decoding=\"async\" src=\"images\/stories\/-nov2012\/xantol.jpg\" border=\"0\" alt=\"Autoridades y habitantes en la comunidad de \u201cLa Calera\u201d organizaron un pintoresco concurso de disfraces\" title=\"Autoridades y habitantes en la comunidad de \u201cLa Calera\u201d organizaron un pintoresco concurso de disfraces\" align=\"right\" \/>\u00a0\u00a0\u00a0 Cabe se\u00f1alar que se dieron cita para divertirse con los huehues un total de 500 personas que pagaron $10 de cooperaci\u00f3n recursos que ser\u00e1n utilizados para obras y servicios de la comunidad y mantenimiento de la cancha de usos m\u00faltiples.<br \/>\u00a0\u00a0\u00a0\u00a0 Correspondi\u00f3 al Licenciado Jos\u00e9 Matilde Hern\u00e1ndez M\u00e9ndez hacer entrega de los premios ganadores, quien agradeci\u00f3 la participaci\u00f3n de todos en este evento que fortalece e impulsa nuestras costumbres de \u201cD\u00eda de Muertos\u201d al mismo tiempo que une en una buena causa a sus habitantes.<br \/>\u00a0\u00a0\u00a0 Dijo que estos eventos muestran la unidad que se necesita para salir adelante, exhorto a los presentes para apoyar al Presidente Municipal Juan Jos\u00e9 Ortiz Azuara, ya que se necesita el apoyo de todos para lograr una buena administraci\u00f3n.<br \/>\u00a0\u00a0\u00a0\u00a0 Puntualiz\u00f3, que Juan Jos\u00e9 como Presidente Municipal debe de voltear a las comunidades de la Calera, Alvaro Obreg\u00f3n, Tamunal, El Nacimiento, el Jabali y Villa Fierro porque necesitan de obras y servicios para lograr su desarrollo.<\/div>\n","protected":false},"excerpt":{"rendered":"<p>Ciudad Valles S.L.P. 5\/11\/2012.- Con motivo de los festejos de \u201cD\u00eda de Muertos\u201d autoridades y habitantes en la comunidad de \u201cLa Calera\u201d de este municipio organizaron un pintoresco concurso de disfraces.\u00a0\u00a0\u00a0\u00a0 Juan de la Cruz Hern\u00e1ndez, Presidente del Comit\u00e9 Comunitario del ejido Alvaro Obreg\u00f3n, inform\u00f3 &hellip; <\/p>\n","protected":false},"author":1,"featured_media":2330,"comment_status":"open","ping_status":"open","sticky":false,"template":"","format":"standard","meta":{"footnotes":""},"categories":[20],"tags":[],"class_list":["post-2331","post","type-post","status-publish","format-standard","has-post-thumbnail","hentry","category-tamuin"],"_links":{"self":[{"href":"https:\/\/amanecerhuasteco.com\/portal\/wp-json\/wp\/v2\/posts\/2331","targetHints":{"allow":["GET"]}}],"collection":[{"href":"https:\/\/amanecerhuasteco.com\/portal\/wp-json\/wp\/v2\/posts"}],"about":[{"href":"https:\/\/amanecerhuasteco.com\/portal\/wp-json\/wp\/v2\/types\/post"}],"author":[{"embeddable":true,"href":"https:\/\/amanecerhuasteco.com\/portal\/wp-json\/wp\/v2\/users\/1"}],"replies":[{"embeddable":true,"href":"https:\/\/amanecerhuasteco.com\/portal\/wp-json\/wp\/v2\/comments?post=2331"}],"version-history":[{"count":0,"href":"https:\/\/amanecerhuasteco.com\/portal\/wp-json\/wp\/v2\/posts\/2331\/revisions"}],"wp:featuredmedia":[{"embeddable":true,"href":"https:\/\/amanecerhuasteco.com\/portal\/wp-json\/wp\/v2\/media\/2330"}],"wp:attachment":[{"href":"https:\/\/amanecerhuasteco.com\/portal\/wp-json\/wp\/v2\/media?parent=2331"}],"wp:term":[{"taxonomy":"category","embeddable":true,"href":"https:\/\/amanecerhuasteco.com\/portal\/wp-json\/wp\/v2\/categories?post=2331"},{"taxonomy":"post_tag","embeddable":true,"href":"https:\/\/amanecerhuasteco.com\/portal\/wp-json\/wp\/v2\/tags?post=2331"}],"curies":[{"name":"wp","href":"https:\/\/api.w.org\/{rel}","templated":true}]}}