{"id":2336,"date":"2012-11-06T01:17:09","date_gmt":"2012-11-06T07:17:09","guid":{"rendered":"http:\/\/amanecerhuasteco.com\/portal\/2012\/11\/06\/cedh-participa-en-proyecto-para-fortalecer-defensa-de-los-dh-de-las-personas-migrantes\/"},"modified":"2012-11-06T01:17:09","modified_gmt":"2012-11-06T07:17:09","slug":"cedh-participa-en-proyecto-para-fortalecer-defensa-de-los-dh-de-las-personas-migrantes","status":"publish","type":"post","link":"https:\/\/amanecerhuasteco.com\/portal\/cedh-participa-en-proyecto-para-fortalecer-defensa-de-los-dh-de-las-personas-migrantes\/","title":{"rendered":"CEDH PARTICIPA EN PROYECTO PARA FORTALECER DEFENSA DE LOS DH DE LAS PERSONAS MIGRANTES"},"content":{"rendered":"<div style=\"text-align: start\"><strong><span style=\"text-align: justify\">&#8211;\u00a0<\/span><span style=\"text-align: justify\">Este lunes se firm\u00f3 carta compromiso con comisiones estatales de derechos humanos y organizaciones de la sociedad civil de M\u00e9xico y Centroam\u00e9rica\u00a0<\/span><\/strong><\/div>\n<div style=\"text-align: start\"><span style=\"text-align: justify\">Este lunes en las instalaciones de la Comisi\u00f3n de Derechos Humanos del Distrito Federal inici\u00f3 el encuentro internacional de defensor\u00edas sobre protecci\u00f3n de los derechos de las personas migrantes en M\u00e9xico y Centroam\u00e9rica con la participaci\u00f3n de diversas comisiones estatales de derechos humanos, como la de San Luis Potos\u00ed.<\/span><\/div>\n<div style=\"text-align: justify\"><\/div>\n<div style=\"text-align: justify\">En el encuentro participa tambi\u00e9n la Red Regional Verdad y Justicia para las Personas Migrantes y las embajadas de Francia, Suiza y la Oficina de las Naciones Unidas contra la Droga y el Delito.<\/div>\n<div style=\"text-align: justify\"><\/div>\n<div style=\"text-align: justify\">Adem\u00e1s de analizar la situaci\u00f3n de los derechos de las personas migrantes en M\u00e9xico y Centroam\u00e9rica, a partir de la labor que realizan organismos de derechos humanos y organizaciones de la sociedad civil, se buscar\u00e1 el intercambio de experiencias sobre mecanismos de protecci\u00f3n conjuntas en favor de las personas migrantes en la regi\u00f3n<\/div>\n<div style=\"text-align: justify\"><\/div>\n<div style=\"text-align: justify\">Como parte de tales actividades, la Comisi\u00f3n Estatal de Derechos Humanos de San Luis Potos\u00ed suscribi\u00f3 la carta compromiso para impulsar el fortalecimiento de los organismos p\u00fablicos de derechos humanos y organizaciones de la sociedad civil de M\u00e9xico y Centroam\u00e9rica para proteger y promover los derechos de las personas migrantes, el cual ser\u00e1 financiado por la Uni\u00f3n Europea y coordinado por la Comisi\u00f3n de Derechos Humanos del Distrito Federal.<\/div>\n<div style=\"text-align: justify\"><\/div>\n<div style=\"text-align: justify\">Otros organismos participantes son las procuradur\u00edas de derechos humanos de El Salvador y Guatemala, el Consejo de Derechos Humanos de Chiapas, la Casa del Migrante de Saltillo, \u00a0el Foro Nacional para las Migraciones de Honduras, el Comit\u00e9 de Familiares de Migrantes Fallecidos y Desaparecidos de El Salvador y el Fondo de Naciones Unidas para la Infancia, (UNICEF).<\/div>\n<div style=\"text-align: justify\"><\/div>\n<div style=\"text-align: justify\">As\u00ed como organismos p\u00fablicos de derechos humanos de \u00a0Honduras, Costa Rica, Guatemala, Nicaragua, Panam\u00e1, Belice, as\u00ed como las Comisiones de derechos humanos de Colima, Guerrero, Chihuahua, Michoac\u00e1n, Quer\u00e9taro, Tlaxcala, Nuevo Le\u00f3n y Chiapas.<\/div>\n<div style=\"text-align: justify\"><\/div>\n<div style=\"text-align: justify\">Acciones conjuntas como \u00e9sta vienen a reforzar proyectos de diagn\u00f3stico, promoci\u00f3n y defensa de los derechos humanos de las personas migrantes que ya realiza la CEDH de San Luis Potos\u00ed, que se encuentra elaborando un estudio sobre las condiciones en que personas migrantes de centro y Sudam\u00e9rica viven a su paso por suelo potosino, as\u00ed como documentar las violaciones que sufren a sus derechos.<\/div>\n<div style=\"text-align: justify\"><\/div>\n","protected":false},"excerpt":{"rendered":"<p>&#8211;\u00a0Este lunes se firm\u00f3 carta compromiso con comisiones estatales de derechos humanos y organizaciones de la sociedad civil de M\u00e9xico y Centroam\u00e9rica\u00a0 Este lunes en las instalaciones de la Comisi\u00f3n de Derechos Humanos del Distrito Federal inici\u00f3 el encuentro internacional de defensor\u00edas sobre protecci\u00f3n de &hellip; <\/p>\n","protected":false},"author":1,"featured_media":2335,"comment_status":"open","ping_status":"open","sticky":false,"template":"","format":"standard","meta":{"footnotes":""},"categories":[11],"tags":[],"class_list":["post-2336","post","type-post","status-publish","format-standard","has-post-thumbnail","hentry","category-estado"],"_links":{"self":[{"href":"https:\/\/amanecerhuasteco.com\/portal\/wp-json\/wp\/v2\/posts\/2336","targetHints":{"allow":["GET"]}}],"collection":[{"href":"https:\/\/amanecerhuasteco.com\/portal\/wp-json\/wp\/v2\/posts"}],"about":[{"href":"https:\/\/amanecerhuasteco.com\/portal\/wp-json\/wp\/v2\/types\/post"}],"author":[{"embeddable":true,"href":"https:\/\/amanecerhuasteco.com\/portal\/wp-json\/wp\/v2\/users\/1"}],"replies":[{"embeddable":true,"href":"https:\/\/amanecerhuasteco.com\/portal\/wp-json\/wp\/v2\/comments?post=2336"}],"version-history":[{"count":0,"href":"https:\/\/amanecerhuasteco.com\/portal\/wp-json\/wp\/v2\/posts\/2336\/revisions"}],"wp:featuredmedia":[{"embeddable":true,"href":"https:\/\/amanecerhuasteco.com\/portal\/wp-json\/wp\/v2\/media\/2335"}],"wp:attachment":[{"href":"https:\/\/amanecerhuasteco.com\/portal\/wp-json\/wp\/v2\/media?parent=2336"}],"wp:term":[{"taxonomy":"category","embeddable":true,"href":"https:\/\/amanecerhuasteco.com\/portal\/wp-json\/wp\/v2\/categories?post=2336"},{"taxonomy":"post_tag","embeddable":true,"href":"https:\/\/amanecerhuasteco.com\/portal\/wp-json\/wp\/v2\/tags?post=2336"}],"curies":[{"name":"wp","href":"https:\/\/api.w.org\/{rel}","templated":true}]}}