{"id":2341,"date":"2012-11-06T17:06:16","date_gmt":"2012-11-06T23:06:16","guid":{"rendered":"http:\/\/amanecerhuasteco.com\/portal\/2012\/11\/06\/instalado-el-comite-de-planeacion-para-el-desarrollo-social-municipal\/"},"modified":"2012-11-06T17:06:16","modified_gmt":"2012-11-06T23:06:16","slug":"instalado-el-comite-de-planeacion-para-el-desarrollo-social-municipal","status":"publish","type":"post","link":"https:\/\/amanecerhuasteco.com\/portal\/instalado-el-comite-de-planeacion-para-el-desarrollo-social-municipal\/","title":{"rendered":"INSTALADO EL COMIT\u00c9 DE PLANEACION PARA EL DESARROLLO SOCIAL MUNICIPAL"},"content":{"rendered":"<div align=\"justify\"><\/div>\n<div align=\"justify\"><strong>&#8211; Alcalde Ortiz Azuara es el presidente de ese comit\u00e9.<br \/><\/strong>El Presidente Municipal, Lic. Juan Jos\u00e9 Ortiz Azuara, presidi\u00f3 la tarde de este lunes la reuni\u00f3n de instalaci\u00f3n\u00a0 del Comit\u00e9 de Planeaci\u00f3n de Desarrollo Municipal (COPLADEM), que se llev\u00f3 a cabo en el Sal\u00f3n de Cabildo \u201cRafael Curiel Gallegos\u201d, en presencia\u00a0 de Tito Rodr\u00edguez Guerrero, Representante del Gobierno del Estado,\u00a0\u00a0 Javier Guti\u00e9rrez Almend\u00e1rez, Subdirector de Profesionalizaci\u00f3n\u00a0 del Servicio P\u00fablico de la Coordinaci\u00f3n Estatal\u00a0 para el Fortalecimiento de las Instituciones Municipales (CEFIM) y el C.P. Guillermo D\u00edaz de Le\u00f3n Palmero, Responsable de Formaci\u00f3n Ciudadana para Asuntos Municipales.<br \/>. Juan Jos\u00e9 Ortiz Azuara, Presidente Municipal de nuestra Ciudad, dio la bienvenida a los asistentes, que representan a los todos los sectores activos de la localidad, ello despu\u00e9s de que se estableciera\u00a0 el fundamento legal conforme a lo establecido\u00a0 en la Ley Org\u00e1nica del Municipio Libre del Estado de S.L.P. y en la Ley de Planeaci\u00f3n y Desarrollo\u00a0 del Estado.<\/p>\n<p>El COPLADEM que tendr\u00e1 a bien promover la coordinaci\u00f3n con los planes nacionales y estatales de desarrollo,\u00a0 qued\u00f3 integrado de la siguiente manera: como Presidente el Alcalde Lic. Juan Jos\u00e9 Ortiz Azuara; Suplente, Lic. Gilberto Almend\u00e1rez Mar\u00edn; como Coordinador General, el Ing., Jos\u00e9 de Jes\u00fas Salazar Hern\u00e1ndez, Secretario T\u00e9cnico, Suplente Ing. Fernando Medina Urbina, Director de Planeaci\u00f3n. <\/p>\n<p>Los cargos de vocales recayeron en: Ing. Manuel Francisco Valdez Galicia, Regidor Constitucional; Lic. Ra\u00fal Garc\u00eda Salazar, Regidor Constitucional; Lic. Eligio Quintanilla Gonz\u00e1lez, Director de DAPAS; Arq. Olga Manzano Tabernilla, Secretaria de Desarrollo Urbano y Ecolog\u00eda; Lic. Pablo Mario Amaro D\u00edaz de Le\u00f3n, Director de Seguridad P\u00fablica Municipal; Arq. Abigail G\u00f3mez Zavala, Directora de Catastro; C. Pedro Javier Tovar G\u00f3mez, Presidente de la CANACO; Arq. Silvia Olvera Azuara, Empresario; y Cecilia Guinea Corres, Directora del SMDIF.<\/p>\n<p>El Presidente Municipal\u00a0 tras declarar formalmente integrado e instalado el comit\u00e9, procedi\u00f3 a tomarles la protesta a todos los miembros.<\/p>\n<p>Por \u00faltimo se inform\u00f3 que el Copladem\u00a0 entre sus atribuciones\u00a0 y funciones\u00a0 deber\u00e1 Conducir el proceso de Planeaci\u00f3n Municipal;\u00a0 Aprobar los programas operativos anuales de la administraci\u00f3n P\u00fablica Municipal; Vigilar que las actividades de las dependencias y entidades municipales tengan congruencia con los programas\u00a0 derivados de los planes de desarrollo estatal y municipal; Coadyuvar con los \u00f3rganos de control estatal\u00a0 y federal en la vigilancia de la ejecuci\u00f3n de los programas; Celebrar\u00a0 con los gobiernos federal y estatal, conforme a las leyes vigentes, los convenios y acuerdos de coordinaci\u00f3n que fueren necesarios; y Evaluar el plan municipal de desarrollo y los programas\u00a0 que de \u00e9l deriven, entre otros.<\/p><\/div>\n","protected":false},"excerpt":{"rendered":"<p>&#8211; Alcalde Ortiz Azuara es el presidente de ese comit\u00e9.El Presidente Municipal, Lic. Juan Jos\u00e9 Ortiz Azuara, presidi\u00f3 la tarde de este lunes la reuni\u00f3n de instalaci\u00f3n\u00a0 del Comit\u00e9 de Planeaci\u00f3n de Desarrollo Municipal (COPLADEM), que se llev\u00f3 a cabo en el Sal\u00f3n de Cabildo &hellip; <\/p>\n","protected":false},"author":1,"featured_media":2340,"comment_status":"open","ping_status":"open","sticky":false,"template":"","format":"standard","meta":{"footnotes":""},"categories":[4],"tags":[],"class_list":["post-2341","post","type-post","status-publish","format-standard","has-post-thumbnail","hentry","category-inicio"],"_links":{"self":[{"href":"https:\/\/amanecerhuasteco.com\/portal\/wp-json\/wp\/v2\/posts\/2341","targetHints":{"allow":["GET"]}}],"collection":[{"href":"https:\/\/amanecerhuasteco.com\/portal\/wp-json\/wp\/v2\/posts"}],"about":[{"href":"https:\/\/amanecerhuasteco.com\/portal\/wp-json\/wp\/v2\/types\/post"}],"author":[{"embeddable":true,"href":"https:\/\/amanecerhuasteco.com\/portal\/wp-json\/wp\/v2\/users\/1"}],"replies":[{"embeddable":true,"href":"https:\/\/amanecerhuasteco.com\/portal\/wp-json\/wp\/v2\/comments?post=2341"}],"version-history":[{"count":0,"href":"https:\/\/amanecerhuasteco.com\/portal\/wp-json\/wp\/v2\/posts\/2341\/revisions"}],"wp:featuredmedia":[{"embeddable":true,"href":"https:\/\/amanecerhuasteco.com\/portal\/wp-json\/wp\/v2\/media\/2340"}],"wp:attachment":[{"href":"https:\/\/amanecerhuasteco.com\/portal\/wp-json\/wp\/v2\/media?parent=2341"}],"wp:term":[{"taxonomy":"category","embeddable":true,"href":"https:\/\/amanecerhuasteco.com\/portal\/wp-json\/wp\/v2\/categories?post=2341"},{"taxonomy":"post_tag","embeddable":true,"href":"https:\/\/amanecerhuasteco.com\/portal\/wp-json\/wp\/v2\/tags?post=2341"}],"curies":[{"name":"wp","href":"https:\/\/api.w.org\/{rel}","templated":true}]}}