{"id":2350,"date":"2012-11-08T21:32:29","date_gmt":"2012-11-09T03:32:29","guid":{"rendered":"http:\/\/amanecerhuasteco.com\/portal\/2012\/11\/08\/inicia-smdif-campana-de-acopio-y-recoleccion-de-ropa-de-invierno\/"},"modified":"2012-11-08T21:32:29","modified_gmt":"2012-11-09T03:32:29","slug":"inicia-smdif-campana-de-acopio-y-recoleccion-de-ropa-de-invierno","status":"publish","type":"post","link":"https:\/\/amanecerhuasteco.com\/portal\/inicia-smdif-campana-de-acopio-y-recoleccion-de-ropa-de-invierno\/","title":{"rendered":"INICIA SMDIF  CAMPA\u00d1A DE ACOPIO Y RECOLECCION DE ROPA DE INVIERNO"},"content":{"rendered":"<div align=\"justify\">Ciudad Valles S.L.P. 7\/11\/12.- La Directora General del Sistema Municipal para el Desarrollo Integral de la\u00a0 Familia (SMDIF), Sra. Cecilia Guinea Corres, inform\u00f3 que este jueves 8 de noviembre en punto de las 5 de la tarde, tendr\u00e1 verificativo el arranque oficial de una campa\u00f1a de acopio y recolecci\u00f3n de ropa de invierno que posteriormente se entregar\u00e1 a quienes m\u00e1s lo necesiten.<br \/>\u00a0<br \/>Esta actividad, que comenzar\u00e1 con un significativo acto en el Parque P\u00edpila, es coordinada por el departamento de Trabajo Social de la instituci\u00f3n, encabezado por la T. S. Sonia Mar\u00eda Barrios Guti\u00e9rrez, y tiene por objetivo el\u00a0 apoyar a las personas de muy escasos recursos econ\u00f3micos con la dotaci\u00f3n de cobertores y prendas de vestir que los protejan contra las inclemencias del tiempo invernal.<\/p>\n<p>\u00a0Para lograr mejores resultados, subray\u00f3 Guinea Corres, \u201cestamos convocando a la participaci\u00f3n de las escuelas de nivel medio superior y las universidades del municipio en una tarea conjunta, en donde se pondr\u00e1 de manifiesto la solidaridad y la generosidad de la poblaci\u00f3n\u201d, agreg\u00f3\u00a0 que en\u00a0 la asistencia social no solo le compete al gobierno, asistir al m\u00e1s necesitado, sino que ello\u00a0 es algo que tiene que ver con la esencia del ser humano, con principios morales y religiosos, con valores y con el amor al pr\u00f3jimo, por lo que esta campa\u00f1a se dirige a la poblaci\u00f3n en general esperando que la sociedad en su conjunto d\u00e9 ejemplo de unidad por los m\u00e1s necesitados.<\/p>\n<p>Asimismo, se\u00f1al\u00f3 que ya est\u00e1n haciendo preparativos para adaptar espacios que puedan ser utilizados como refugios temporales para la temporada que se avecina y que se instalar\u00e1 el comit\u00e9 para la atenci\u00f3n de la poblaci\u00f3n en situaci\u00f3n de emergencia, mismo que coadyuvar\u00e1 con otros organismos como Protecci\u00f3n Civil en los casos espec\u00edficos en que se requiera proteger a la poblaci\u00f3n.<\/p><\/div>\n","protected":false},"excerpt":{"rendered":"<p>Ciudad Valles S.L.P. 7\/11\/12.- La Directora General del Sistema Municipal para el Desarrollo Integral de la\u00a0 Familia (SMDIF), Sra. Cecilia Guinea Corres, inform\u00f3 que este jueves 8 de noviembre en punto de las 5 de la tarde, tendr\u00e1 verificativo el arranque oficial de una campa\u00f1a &hellip; <\/p>\n","protected":false},"author":1,"featured_media":17874,"comment_status":"open","ping_status":"open","sticky":false,"template":"","format":"standard","meta":{"footnotes":""},"categories":[7],"tags":[],"class_list":["post-2350","post","type-post","status-publish","format-standard","has-post-thumbnail","hentry","category-ciudad"],"_links":{"self":[{"href":"https:\/\/amanecerhuasteco.com\/portal\/wp-json\/wp\/v2\/posts\/2350","targetHints":{"allow":["GET"]}}],"collection":[{"href":"https:\/\/amanecerhuasteco.com\/portal\/wp-json\/wp\/v2\/posts"}],"about":[{"href":"https:\/\/amanecerhuasteco.com\/portal\/wp-json\/wp\/v2\/types\/post"}],"author":[{"embeddable":true,"href":"https:\/\/amanecerhuasteco.com\/portal\/wp-json\/wp\/v2\/users\/1"}],"replies":[{"embeddable":true,"href":"https:\/\/amanecerhuasteco.com\/portal\/wp-json\/wp\/v2\/comments?post=2350"}],"version-history":[{"count":0,"href":"https:\/\/amanecerhuasteco.com\/portal\/wp-json\/wp\/v2\/posts\/2350\/revisions"}],"wp:featuredmedia":[{"embeddable":true,"href":"https:\/\/amanecerhuasteco.com\/portal\/wp-json\/wp\/v2\/media\/17874"}],"wp:attachment":[{"href":"https:\/\/amanecerhuasteco.com\/portal\/wp-json\/wp\/v2\/media?parent=2350"}],"wp:term":[{"taxonomy":"category","embeddable":true,"href":"https:\/\/amanecerhuasteco.com\/portal\/wp-json\/wp\/v2\/categories?post=2350"},{"taxonomy":"post_tag","embeddable":true,"href":"https:\/\/amanecerhuasteco.com\/portal\/wp-json\/wp\/v2\/tags?post=2350"}],"curies":[{"name":"wp","href":"https:\/\/api.w.org\/{rel}","templated":true}]}}