{"id":2351,"date":"2012-11-08T21:33:46","date_gmt":"2012-11-09T03:33:46","guid":{"rendered":"http:\/\/amanecerhuasteco.com\/portal\/2012\/11\/08\/obras-publicas-reforzara-el-puente-de-acceso-a-la-colonia-juarez\/"},"modified":"2012-11-08T21:33:46","modified_gmt":"2012-11-09T03:33:46","slug":"obras-publicas-reforzara-el-puente-de-acceso-a-la-colonia-juarez","status":"publish","type":"post","link":"https:\/\/amanecerhuasteco.com\/portal\/obras-publicas-reforzara-el-puente-de-acceso-a-la-colonia-juarez\/","title":{"rendered":"OBRAS PUBLICAS REFORZARA EL PUENTE DE ACCESO A LA COLONIA JUAREZ"},"content":{"rendered":"<div align=\"justify\"><strong>&#8211; Colocar\u00e1 cables de acero y malla cicl\u00f3nica<br \/><\/strong>Ciudad Valles S.L.P. 8\/11\/12.- La Directora de Obras P\u00fablicas del Gobierno Municipal\u00a0 de Ciudad Valles, Olga Mar\u00eda Manzano Tabernilla, dio a conocer que el \u00e1rea a su cargo trabaja ya en el reforzamiento del puente que da acceso a la Colonia Ju\u00e1rez, con el fin de disminuir el riesgo de que m\u00e1s personas caigan en el afluente del R\u00edo Valles, debido a la falta de protecciones.<\/p>\n<p>Agreg\u00f3 que con ese objetivo y en coordinaci\u00f3n con Protecci\u00f3n Civil\u00a0 se determin\u00f3 reforzar con malla cicl\u00f3nica el total de la longitud del puente, adem\u00e1s de que e manera provisional se colocar\u00e1n 2 cables de acero en forma longitudinal, para disminuir la distancia que existe entre piso y pasamanos.<\/p>\n<p>Posteriormente, agreg\u00f3 Manzano Tabernilla,\u00a0 se colocar\u00e1 la malla cicl\u00f3nica en m\u00f3dulos de 3 x 1 metro de alto con el fin de brindar una mayor protecci\u00f3n a los habitantes de la Colonia Ju\u00e1rez que pasan por ese lugar y a la ciudadan\u00eda en general que por ah\u00ed transite.<\/p><\/div>\n","protected":false},"excerpt":{"rendered":"<p>&#8211; Colocar\u00e1 cables de acero y malla cicl\u00f3nicaCiudad Valles S.L.P. 8\/11\/12.- La Directora de Obras P\u00fablicas del Gobierno Municipal\u00a0 de Ciudad Valles, Olga Mar\u00eda Manzano Tabernilla, dio a conocer que el \u00e1rea a su cargo trabaja ya en el reforzamiento del puente que da acceso &hellip; <\/p>\n","protected":false},"author":1,"featured_media":17874,"comment_status":"open","ping_status":"open","sticky":false,"template":"","format":"standard","meta":{"footnotes":""},"categories":[7],"tags":[],"class_list":["post-2351","post","type-post","status-publish","format-standard","has-post-thumbnail","hentry","category-ciudad"],"_links":{"self":[{"href":"https:\/\/amanecerhuasteco.com\/portal\/wp-json\/wp\/v2\/posts\/2351","targetHints":{"allow":["GET"]}}],"collection":[{"href":"https:\/\/amanecerhuasteco.com\/portal\/wp-json\/wp\/v2\/posts"}],"about":[{"href":"https:\/\/amanecerhuasteco.com\/portal\/wp-json\/wp\/v2\/types\/post"}],"author":[{"embeddable":true,"href":"https:\/\/amanecerhuasteco.com\/portal\/wp-json\/wp\/v2\/users\/1"}],"replies":[{"embeddable":true,"href":"https:\/\/amanecerhuasteco.com\/portal\/wp-json\/wp\/v2\/comments?post=2351"}],"version-history":[{"count":0,"href":"https:\/\/amanecerhuasteco.com\/portal\/wp-json\/wp\/v2\/posts\/2351\/revisions"}],"wp:featuredmedia":[{"embeddable":true,"href":"https:\/\/amanecerhuasteco.com\/portal\/wp-json\/wp\/v2\/media\/17874"}],"wp:attachment":[{"href":"https:\/\/amanecerhuasteco.com\/portal\/wp-json\/wp\/v2\/media?parent=2351"}],"wp:term":[{"taxonomy":"category","embeddable":true,"href":"https:\/\/amanecerhuasteco.com\/portal\/wp-json\/wp\/v2\/categories?post=2351"},{"taxonomy":"post_tag","embeddable":true,"href":"https:\/\/amanecerhuasteco.com\/portal\/wp-json\/wp\/v2\/tags?post=2351"}],"curies":[{"name":"wp","href":"https:\/\/api.w.org\/{rel}","templated":true}]}}