{"id":2355,"date":"2012-11-11T16:09:41","date_gmt":"2012-11-11T22:09:41","guid":{"rendered":"http:\/\/amanecerhuasteco.com\/portal\/2012\/11\/11\/municipio-apoya-con-maestro-para-que-alumnos-no-se-queden-sin-clases\/"},"modified":"2012-11-11T16:09:41","modified_gmt":"2012-11-11T22:09:41","slug":"municipio-apoya-con-maestro-para-que-alumnos-no-se-queden-sin-clases","status":"publish","type":"post","link":"https:\/\/amanecerhuasteco.com\/portal\/municipio-apoya-con-maestro-para-que-alumnos-no-se-queden-sin-clases\/","title":{"rendered":"MUNICIPIO APOYA CON MAESTRO  PARA QUE ALUMNOS NO SE QUEDEN SIN CLASES"},"content":{"rendered":"<div style=\"text-align: justify\"><strong>&#8211;\u00a0En Telesecundaria de Gustavo Garmendia<\/strong><\/div>\n<div style=\"text-align: justify\">El Gobierno Municipal de Ciudad Valles \u00a0mantiene firme su compromiso de apoyar al sector educativo y como muestra de ello se apoyar\u00e1 por un lapso de 2 meses, con el pago de un maestro a la telesecundaria Ignacio Allende del Ejido Gustavo Garmendia, con el fin de que los alumnos no pierdan \u00a0clases.<\/div>\n<div style=\"text-align: justify\"><\/div>\n<div style=\"text-align: justify\">El Profr. C\u00e9sar Gonz\u00e1lez Garc\u00eda, Secretario \u00a0de Gesti\u00f3n P\u00fablica y Desarrollo Municipal, dijo que a solicitud de los padres de familia de la instituci\u00f3n educativa en menci\u00f3n, encabezados por la Sra. Elpidia Hern\u00e1ndez Cruz y el Director de la Telesecundaria Profr. Toribio Herrera Marroqu\u00edn, la ma\u00f1ana de este viernes se trasladaron al Ejido Gustavo Garmendia \u00a0para tomar acuerdos y evitar que al \u00a0jubilarse un maestro los alumnos pierdan clases y se atrasen en el programa educativo.<\/div>\n<div style=\"text-align: justify\"><\/div>\n<div style=\"text-align: justify\">Agreg\u00f3 que por consiguiente, se acord\u00f3 que entre padres de familia y municipio se pagar\u00e1 por un lapso aproximado de 2 meses a un maestro que atender\u00e1 al grupo de telesecundaria en tanto la Unidad Regional \u00a0de Servicios Educativos cubre la vacante que ah\u00ed existe.<\/div>\n","protected":false},"excerpt":{"rendered":"<p>&#8211;\u00a0En Telesecundaria de Gustavo Garmendia El Gobierno Municipal de Ciudad Valles \u00a0mantiene firme su compromiso de apoyar al sector educativo y como muestra de ello se apoyar\u00e1 por un lapso de 2 meses, con el pago de un maestro a la telesecundaria Ignacio Allende del &hellip; <\/p>\n","protected":false},"author":1,"featured_media":2354,"comment_status":"open","ping_status":"open","sticky":false,"template":"","format":"standard","meta":{"footnotes":""},"categories":[7],"tags":[],"class_list":["post-2355","post","type-post","status-publish","format-standard","has-post-thumbnail","hentry","category-ciudad"],"_links":{"self":[{"href":"https:\/\/amanecerhuasteco.com\/portal\/wp-json\/wp\/v2\/posts\/2355","targetHints":{"allow":["GET"]}}],"collection":[{"href":"https:\/\/amanecerhuasteco.com\/portal\/wp-json\/wp\/v2\/posts"}],"about":[{"href":"https:\/\/amanecerhuasteco.com\/portal\/wp-json\/wp\/v2\/types\/post"}],"author":[{"embeddable":true,"href":"https:\/\/amanecerhuasteco.com\/portal\/wp-json\/wp\/v2\/users\/1"}],"replies":[{"embeddable":true,"href":"https:\/\/amanecerhuasteco.com\/portal\/wp-json\/wp\/v2\/comments?post=2355"}],"version-history":[{"count":0,"href":"https:\/\/amanecerhuasteco.com\/portal\/wp-json\/wp\/v2\/posts\/2355\/revisions"}],"wp:featuredmedia":[{"embeddable":true,"href":"https:\/\/amanecerhuasteco.com\/portal\/wp-json\/wp\/v2\/media\/2354"}],"wp:attachment":[{"href":"https:\/\/amanecerhuasteco.com\/portal\/wp-json\/wp\/v2\/media?parent=2355"}],"wp:term":[{"taxonomy":"category","embeddable":true,"href":"https:\/\/amanecerhuasteco.com\/portal\/wp-json\/wp\/v2\/categories?post=2355"},{"taxonomy":"post_tag","embeddable":true,"href":"https:\/\/amanecerhuasteco.com\/portal\/wp-json\/wp\/v2\/tags?post=2355"}],"curies":[{"name":"wp","href":"https:\/\/api.w.org\/{rel}","templated":true}]}}