{"id":2365,"date":"2012-11-12T17:15:57","date_gmt":"2012-11-12T23:15:57","guid":{"rendered":"http:\/\/amanecerhuasteco.com\/portal\/2012\/11\/12\/queda-integrado-consejo-de-desarrollo-social-municipal\/"},"modified":"2012-11-12T17:15:57","modified_gmt":"2012-11-12T23:15:57","slug":"queda-integrado-consejo-de-desarrollo-social-municipal","status":"publish","type":"post","link":"https:\/\/amanecerhuasteco.com\/portal\/queda-integrado-consejo-de-desarrollo-social-municipal\/","title":{"rendered":"QUEDA INTEGRADO  CONSEJO DE  DESARROLLO SOCIAL MUNICIPAL"},"content":{"rendered":"<div style=\"text-align: justify\"><\/div>\n<div style=\"text-align: justify\"><strong>&#8211; TRABAJARA PARA CONSOLIDAR LAS ACCIONES PRIORITARIAS<\/strong><\/div>\n<div style=\"text-align: justify\">El \u00a0Secretario del Ayuntamiento, Gilberto Almend\u00e1rez Mar\u00edn, en representaci\u00f3n del Presidente Municipal, Lic. Jos\u00e9 Ortiz Azuara, presidi\u00f3 la tarde de este viernes la reuni\u00f3n en la que rindieron protesta los presidentes de los Comit\u00e9s Comunitarios electos en la zona rural y urbana; \u00a0y en donde adem\u00e1s se eligi\u00f3 a los 18 integrantes del Consejo de Desarrollo Social Municipal.<\/div>\n<div style=\"text-align: justify\"><\/div>\n<div style=\"text-align: justify\">\u00a0En este evento desarrollado en el Sal\u00f3n Rodeva, \u00a0se llev\u00f3 a cabo primeramente \u00a0la toma de protesta a los Presidentes de los Comit\u00e9s Comunitarios del municipio, a quienes se conmin\u00f3 a trabajar en representaci\u00f3n de sus sectores, hombro con hombro con el Gobierno Municipal para poder abatir la problem\u00e1tica que m\u00e1s afecta a la ciudadan\u00eda.<\/div>\n<div style=\"text-align: justify\"><\/div>\n<div style=\"text-align: justify\">Despu\u00e9s de los mensajes del Ing. V\u00edctor Jonguitud Rubio, Titulas de CODESOL, \u00a0y de la intervenci\u00f3n del Director de Participaci\u00f3n Ciudadana, Profr. Humberto Torres Medrano, \u00a0se instalaron mesas de trabajo para as\u00ed elegir a los Consejeros, propietario y suplente, de cada sector, \u00a0e integrar el nuevo Consejo de Desarrollo Social Municipal, en donde el Vocal de Vigilancia del \u00c1rea Rural es Jos\u00e9 Luis Coronado, de El Sidral; y en la zona urbana ese cargo recay\u00f3 en Ma. del Rosario Alvizu V\u00e1zquez.<\/div>\n<div style=\"text-align: justify\"><\/div>\n<div style=\"text-align: justify\">Fue as\u00ed como los Consejeros propietarios electos del sector rural son: Juan Nieto Mart\u00ednez, Alfredo Altamirano Vel\u00e1zquez, \u00a0Jos\u00e9 Luis Coronado, Paula Hern\u00e1ndez Hern\u00e1ndez, Humberto de la Cruz Castro, Nora Hilda Castillo Barrientos, Blanca Estela Olvera Castillo y Jos\u00e9 Luis Hern\u00e1ndez Tinajero.<\/div>\n<div style=\"text-align: justify\"><\/div>\n<div style=\"text-align: justify\">Los Consejeros del \u00a0sector urbano son: Blanca Estela Gonz\u00e1lez Mancilla, Humberto de la Parra Mart\u00ednez, Ma. del Pilar Abad Nieto, Bonifacio Navarro Ju\u00e1rez, Erika del Carmen Paredes Carrizales, \u00c1ngel Y\u00e1\u00f1ez Ferrusca, Ma. de Rosario Alvizo V\u00e1zquez, Victoria Gonz\u00e1lez Garc\u00eda, Ram\u00f3n Ram\u00edrez Vargas y Adolfo Mu\u00f1oz Mendoza.<\/div>\n<div style=\"text-align: justify\"><\/div>\n<div style=\"text-align: justify\">Todos ellos rindieron protesta como integrantes del Nuevo Consejo de Desarrollo Social Municipal para el periodo 2012-2015, lapso en el que junto con el gobierno local tendr\u00e1n a bien decidir las obras a ejecutar \u00a0que m\u00e1s demandan los Vallenses.<\/div>\n","protected":false},"excerpt":{"rendered":"<p>&#8211; TRABAJARA PARA CONSOLIDAR LAS ACCIONES PRIORITARIAS El \u00a0Secretario del Ayuntamiento, Gilberto Almend\u00e1rez Mar\u00edn, en representaci\u00f3n del Presidente Municipal, Lic. Jos\u00e9 Ortiz Azuara, presidi\u00f3 la tarde de este viernes la reuni\u00f3n en la que rindieron protesta los presidentes de los Comit\u00e9s Comunitarios electos en la &hellip; <\/p>\n","protected":false},"author":1,"featured_media":2364,"comment_status":"open","ping_status":"open","sticky":false,"template":"","format":"standard","meta":{"footnotes":""},"categories":[7],"tags":[],"class_list":["post-2365","post","type-post","status-publish","format-standard","has-post-thumbnail","hentry","category-ciudad"],"_links":{"self":[{"href":"https:\/\/amanecerhuasteco.com\/portal\/wp-json\/wp\/v2\/posts\/2365","targetHints":{"allow":["GET"]}}],"collection":[{"href":"https:\/\/amanecerhuasteco.com\/portal\/wp-json\/wp\/v2\/posts"}],"about":[{"href":"https:\/\/amanecerhuasteco.com\/portal\/wp-json\/wp\/v2\/types\/post"}],"author":[{"embeddable":true,"href":"https:\/\/amanecerhuasteco.com\/portal\/wp-json\/wp\/v2\/users\/1"}],"replies":[{"embeddable":true,"href":"https:\/\/amanecerhuasteco.com\/portal\/wp-json\/wp\/v2\/comments?post=2365"}],"version-history":[{"count":0,"href":"https:\/\/amanecerhuasteco.com\/portal\/wp-json\/wp\/v2\/posts\/2365\/revisions"}],"wp:featuredmedia":[{"embeddable":true,"href":"https:\/\/amanecerhuasteco.com\/portal\/wp-json\/wp\/v2\/media\/2364"}],"wp:attachment":[{"href":"https:\/\/amanecerhuasteco.com\/portal\/wp-json\/wp\/v2\/media?parent=2365"}],"wp:term":[{"taxonomy":"category","embeddable":true,"href":"https:\/\/amanecerhuasteco.com\/portal\/wp-json\/wp\/v2\/categories?post=2365"},{"taxonomy":"post_tag","embeddable":true,"href":"https:\/\/amanecerhuasteco.com\/portal\/wp-json\/wp\/v2\/tags?post=2365"}],"curies":[{"name":"wp","href":"https:\/\/api.w.org\/{rel}","templated":true}]}}