{"id":2368,"date":"2012-11-13T14:10:13","date_gmt":"2012-11-13T20:10:13","guid":{"rendered":"http:\/\/amanecerhuasteco.com\/portal\/2012\/11\/13\/el-renovado-panoramico-sera-premiado-como-cronista-deportivo-de-valles-a-nivel-nacional\/"},"modified":"2012-11-13T14:10:13","modified_gmt":"2012-11-13T20:10:13","slug":"el-renovado-panoramico-sera-premiado-como-cronista-deportivo-de-valles-a-nivel-nacional","status":"publish","type":"post","link":"https:\/\/amanecerhuasteco.com\/portal\/el-renovado-panoramico-sera-premiado-como-cronista-deportivo-de-valles-a-nivel-nacional\/","title":{"rendered":"\u201cEL RENOVADO PANOR\u00c1MICO\u201d  SER\u00c1 PREMIADO COMO CRONISTA DEPORTIVO DE VALLES, A NIVEL NACIONAL"},"content":{"rendered":"<div><strong>&#8211; La Presea \u201cFray Nano\u201d ser\u00e1 entregada en la capital de la Rep\u00fablica<\/strong><\/div>\n<div><strong>&#8211; Colabora en Amanecer Huasteco y Lux Cr\u00f3nica, adem\u00e1s de radio XETR<\/strong><\/div>\n<div><\/div>\n<div style=\"text-align: justify\">Ciudad Valles S.L.P. 12\/11\/12.- Un cronista deportivo nato, a\u00fan a costa de sus recursos, entregado al trabajo period\u00edstico de la narraci\u00f3n deportiva en radio y periodismo digital, Alberto Silva Aranda mejor conocido como \u201cEl renovado Panor\u00e1mico\u201d fue seleccionado a \u00a0el Premio Nacional de Periodismo deportivo 2012, eligi\u00e9ndolo a nivel estado como merecedor de recibir el reconocimiento que otorga anualmente el peri\u00f3dico deportivo LA AFICI\u00d3N.\u00a0<\/div>\n<div style=\"text-align: justify\">\u00a0 \u00a0 \u00a0 Otro de provincia es el Yucateco Miguel Palma Zapata, otros seis del Distrito Federal. El comunicado oficial de la Federaci\u00f3n Nacional de cronistas deportivos \u00a0entregar\u00e1 otro premio denominado \u201c\u00c1ngel Fern\u00e1ndez\u201d \u00a0a la revelaci\u00f3n joven como cronista de radio en San Lu\u00eds Potos\u00ed a Ituriel P\u00e9rez Prieto de la Secci\u00f3n Deportes de Global Media. El noticiero se transmite en Valles por la Gran compa\u00f1\u00eda.<\/div>\n<div style=\"text-align: justify\">\u00a0 \u00a0 \u00a0 \u00a0Ambos reconocimientos son las m\u00e1ximas distinciones \u00a0a las que puede aspira \u00a0un periodista dedicado a la cr\u00f3nica deportiva en cualquier parte de M\u00e9xico \u2013 dice el comunicado.\u00a0<\/div>\n","protected":false},"excerpt":{"rendered":"<p>&#8211; La Presea \u201cFray Nano\u201d ser\u00e1 entregada en la capital de la Rep\u00fablica &#8211; Colabora en Amanecer Huasteco y Lux Cr\u00f3nica, adem\u00e1s de radio XETR Ciudad Valles S.L.P. 12\/11\/12.- Un cronista deportivo nato, a\u00fan a costa de sus recursos, entregado al trabajo period\u00edstico de la &hellip; <\/p>\n","protected":false},"author":1,"featured_media":17874,"comment_status":"open","ping_status":"open","sticky":false,"template":"","format":"standard","meta":{"footnotes":""},"categories":[11],"tags":[],"class_list":["post-2368","post","type-post","status-publish","format-standard","has-post-thumbnail","hentry","category-estado"],"_links":{"self":[{"href":"https:\/\/amanecerhuasteco.com\/portal\/wp-json\/wp\/v2\/posts\/2368","targetHints":{"allow":["GET"]}}],"collection":[{"href":"https:\/\/amanecerhuasteco.com\/portal\/wp-json\/wp\/v2\/posts"}],"about":[{"href":"https:\/\/amanecerhuasteco.com\/portal\/wp-json\/wp\/v2\/types\/post"}],"author":[{"embeddable":true,"href":"https:\/\/amanecerhuasteco.com\/portal\/wp-json\/wp\/v2\/users\/1"}],"replies":[{"embeddable":true,"href":"https:\/\/amanecerhuasteco.com\/portal\/wp-json\/wp\/v2\/comments?post=2368"}],"version-history":[{"count":0,"href":"https:\/\/amanecerhuasteco.com\/portal\/wp-json\/wp\/v2\/posts\/2368\/revisions"}],"wp:featuredmedia":[{"embeddable":true,"href":"https:\/\/amanecerhuasteco.com\/portal\/wp-json\/wp\/v2\/media\/17874"}],"wp:attachment":[{"href":"https:\/\/amanecerhuasteco.com\/portal\/wp-json\/wp\/v2\/media?parent=2368"}],"wp:term":[{"taxonomy":"category","embeddable":true,"href":"https:\/\/amanecerhuasteco.com\/portal\/wp-json\/wp\/v2\/categories?post=2368"},{"taxonomy":"post_tag","embeddable":true,"href":"https:\/\/amanecerhuasteco.com\/portal\/wp-json\/wp\/v2\/tags?post=2368"}],"curies":[{"name":"wp","href":"https:\/\/api.w.org\/{rel}","templated":true}]}}