{"id":2369,"date":"2012-11-13T14:11:13","date_gmt":"2012-11-13T20:11:13","guid":{"rendered":"http:\/\/amanecerhuasteco.com\/portal\/2012\/11\/13\/medidas-preventivas-ante-bajas-temperaturas\/"},"modified":"2012-11-13T14:11:13","modified_gmt":"2012-11-13T20:11:13","slug":"medidas-preventivas-ante-bajas-temperaturas","status":"publish","type":"post","link":"https:\/\/amanecerhuasteco.com\/portal\/medidas-preventivas-ante-bajas-temperaturas\/","title":{"rendered":"MEDIDAS PREVENTIVAS ANTE BAJAS TEMPERATURAS"},"content":{"rendered":"<div style=\"text-align: justify\">Ante las bajas temperaturas que se pronostican para la temporada invernal, la Direcci\u00f3n General de Protecci\u00f3n Civil del Estado advirti\u00f3 a la poblaci\u00f3n sobre las medidas preventivas que debe tomar para cuidar su salud.<\/div>\n<div style=\"text-align: justify\"><\/div>\n<div style=\"text-align: justify\">En las \u00faltimas 24 horas las temperaturas m\u00e1s bajas se registraron en Tierra Nueva con 7\u00b0C en la capital del Estado con 8\u00b0C. estas condiciones son generadas \u00b4por el frente fr\u00edo n\u00famero 10 que se encuentra al norte de Tamaulipas, y su masa de aire fr\u00edo que continuara bajando por el territorio nacional, generando bajas temperaturas fr\u00edas en el Norte y Noreste del pa\u00eds, extendi\u00e9ndose hacia el Centro y Oriente.<\/div>\n<div style=\"text-align: justify\"><\/div>\n<div style=\"text-align: justify\">Entre las recomendaciones se pide a la ciudadan\u00eda \u00a0estar atento a la informaci\u00f3n meteorol\u00f3gica que se difunda en los medios de comunicaci\u00f3n, vestir ropa gruesa cubriendo todo el cuerpo, usar gorro, abrigo, bufanda y guantes cuando sea necesario, tener especial cuidado con los menores de 5 a\u00f1os y con los adultos mayores de 65, ya que estos grupos representan la poblaci\u00f3n m\u00e1s vulnerable ante los cambios bruscos de temperatura.<\/div>\n<div style=\"text-align: justify\">\u00a0<\/div>\n<div style=\"text-align: justify\">Asimismo se recomienda, si no es absolutamente necesario, no salir a la calle reci\u00e9n despu\u00e9s de ba\u00f1arse, ponerse crema diariamente, evitar las corrientes de aire, al salir de un lugar cerrado tapar boca y nariz, beber muchos l\u00edquidos y evitar comer fuera de casa, ya que durante esta temporada tambi\u00e9n son comunes las infecciones gastrointestinales.<\/div>\n","protected":false},"excerpt":{"rendered":"<p>Ante las bajas temperaturas que se pronostican para la temporada invernal, la Direcci\u00f3n General de Protecci\u00f3n Civil del Estado advirti\u00f3 a la poblaci\u00f3n sobre las medidas preventivas que debe tomar para cuidar su salud. En las \u00faltimas 24 horas las temperaturas m\u00e1s bajas se registraron &hellip; <\/p>\n","protected":false},"author":1,"featured_media":17874,"comment_status":"open","ping_status":"open","sticky":false,"template":"","format":"standard","meta":{"footnotes":""},"categories":[11],"tags":[],"class_list":["post-2369","post","type-post","status-publish","format-standard","has-post-thumbnail","hentry","category-estado"],"_links":{"self":[{"href":"https:\/\/amanecerhuasteco.com\/portal\/wp-json\/wp\/v2\/posts\/2369","targetHints":{"allow":["GET"]}}],"collection":[{"href":"https:\/\/amanecerhuasteco.com\/portal\/wp-json\/wp\/v2\/posts"}],"about":[{"href":"https:\/\/amanecerhuasteco.com\/portal\/wp-json\/wp\/v2\/types\/post"}],"author":[{"embeddable":true,"href":"https:\/\/amanecerhuasteco.com\/portal\/wp-json\/wp\/v2\/users\/1"}],"replies":[{"embeddable":true,"href":"https:\/\/amanecerhuasteco.com\/portal\/wp-json\/wp\/v2\/comments?post=2369"}],"version-history":[{"count":0,"href":"https:\/\/amanecerhuasteco.com\/portal\/wp-json\/wp\/v2\/posts\/2369\/revisions"}],"wp:featuredmedia":[{"embeddable":true,"href":"https:\/\/amanecerhuasteco.com\/portal\/wp-json\/wp\/v2\/media\/17874"}],"wp:attachment":[{"href":"https:\/\/amanecerhuasteco.com\/portal\/wp-json\/wp\/v2\/media?parent=2369"}],"wp:term":[{"taxonomy":"category","embeddable":true,"href":"https:\/\/amanecerhuasteco.com\/portal\/wp-json\/wp\/v2\/categories?post=2369"},{"taxonomy":"post_tag","embeddable":true,"href":"https:\/\/amanecerhuasteco.com\/portal\/wp-json\/wp\/v2\/tags?post=2369"}],"curies":[{"name":"wp","href":"https:\/\/api.w.org\/{rel}","templated":true}]}}