{"id":2374,"date":"2012-11-14T14:57:30","date_gmt":"2012-11-14T20:57:30","guid":{"rendered":"http:\/\/amanecerhuasteco.com\/portal\/2012\/11\/14\/se-tomaran-en-cuenta-propuestas-ciudadanas-para-la-agenda-legislativa-gp-pri\/"},"modified":"2012-11-14T14:57:30","modified_gmt":"2012-11-14T20:57:30","slug":"se-tomaran-en-cuenta-propuestas-ciudadanas-para-la-agenda-legislativa-gp-pri","status":"publish","type":"post","link":"https:\/\/amanecerhuasteco.com\/portal\/se-tomaran-en-cuenta-propuestas-ciudadanas-para-la-agenda-legislativa-gp-pri\/","title":{"rendered":"SE TOMARAN EN CUENTA PROPUESTAS CIUDADANAS PARA LA AGENDA LEGISLATIVA: GP-PRI"},"content":{"rendered":"<div style=\"text-align: justify\">San Luis Potos\u00ed.- 13\/11\/12.-El Grupo Parlamentario del Partido Revolucionario Institucional (PRI) del Congreso del Estado, que coordina la diputada Rosa Mar\u00eda Huerta Valdez, realizar\u00e1 foros en el estado de San Luis Potos\u00ed con el objetivo de tomar en cuenta las propuestas de los ciudadanos para construir su agenda legislativa y que est\u00e9 basada en las necesidades de cada uno de sus representados.<\/div>\n<div style=\"text-align: justify\"><\/div>\n<div style=\"text-align: justify\">\u201cNo quisimos hacer una agenda de escritorio, esta agenda que vamos a presentarles es precisamente para que queden plasmadas \u00a0realmente las necesidades y las inquietudes de todos y cada uno de los ciudadanos\u201d, expres\u00f3 la legisladora al momento de \u00a0informar que los foros ciudadanos \u00a0se realizar\u00e1n durante este mes de noviembre en Matehuala, el 14; Rioverde, el 21; Tamazunchale y Ciudad Valles, el 23; y San Luis Potos\u00ed capital, el 24.<\/div>\n<div style=\"text-align: justify\"><\/div>\n<div style=\"text-align: justify\">Dijo que para estos foros ciudadanos se est\u00e1 convocando a las asociaciones y sociedades civiles, \u00a0agrupaciones de profesionistas, \u00a0 investigadores, acad\u00e9micos, c\u00e1maras empresariales, sindicatos, \u00a0Poderes del Estado, ayuntamientos y a la sociedad en general.<\/div>\n<div style=\"text-align: justify\"><\/div>\n<div style=\"text-align: justify\">Estos foros ciudadanos se realizar\u00e1n a trav\u00e9s de mesas de trabajo bajo los siguientes temas: Desarrollo Social, que incluye desarrollo y \u00a0seguridad social, \u00a0combate a la pobreza, \u00a0atenci\u00f3n a grupos vulnerables, y salud.<\/div>\n<div style=\"text-align: justify\"><\/div>\n<div style=\"text-align: justify\">Desarrollo administrativo, que incluye desarrollo administrativo, \u00a0hacendario y financiero, desarrollo econ\u00f3mico y turismo, planeaci\u00f3n para el desarrollo y asentamientos humanos, tr\u00e1nsito y transporte, desarrollo metropolitano.<\/div>\n<div style=\"text-align: justify\"><\/div>\n<div style=\"text-align: justify\">Equidad de g\u00e9nero y atenci\u00f3n a grupos vulnerables, que incluye \u00a0 educaci\u00f3n \u00a0y cultura, juventud y deporte, ciencia y tecnolog\u00eda.<\/div>\n<div style=\"text-align: justify\"><\/div>\n<div style=\"text-align: justify\">Seguridad y Justicia, que incluye justicia y derechos humanos, seguridad p\u00fablica y procuraci\u00f3n de justicia \u00a0y administraci\u00f3n de justicia.\u00a0<\/div>\n<div style=\"text-align: justify\"><\/div>\n<div style=\"text-align: justify\">Desarrollo Rural y Medio Ambiente, \u00a0que incluye ecolog\u00eda, medio ambiente, \u00a0 recursos humanos y desarrollo agropecuario.<\/div>\n<div style=\"text-align: justify\"><\/div>\n<div style=\"text-align: justify\">Pol\u00edtica y Gobierno, que incluye materia constitucional, Poderes del Estado, \u00e1mbito municipal, participaci\u00f3n ciudadana, transparencia y materia electoral.\u00a0<\/div>\n<div style=\"text-align: justify\"><\/div>\n<div style=\"text-align: justify\">La convocatoria que emiti\u00f3 el Grupo Parlamentario del Partido Revolucionario Institucional en la Sexag\u00e9sima Legislatura del Estado de San Luis Potos\u00ed fue de \u00a0acuerdo a los documentos b\u00e1sicos en que este instituto pol\u00edtico es socialmente responsable, comprometido con las causas ciudadanas y con la fortaleza institucional de M\u00e9xico; y que est\u00e1 a favor de una ciudadan\u00eda fundada en valores de tolerancia y fraternidad que se reconozca en su riqueza pluri\u00e9tnica y pluricultural, y que exija la aplicaci\u00f3n de reglas y pol\u00edticas p\u00fablicas que impidan que las diferencias entre los ciudadanos y esto se traduzcan en desigualdad, injusticia o motivo de discriminaci\u00f3n.<\/div>\n<div style=\"text-align: justify\"><\/div>\n<div style=\"text-align: justify\">Que en el uso de las atribuciones de la representaci\u00f3n popular se tienen estipulados mecanismos de consulta con el fin de tener informaci\u00f3n en la elaboraci\u00f3n de propuestas legislativas, y que \u00e9stas resulten lo m\u00e1s apegadas a las necesidades, exigencias y propuestas ciudadanas, tomando en cuenta los sectores que componen a la sociedad potosina para su inclusi\u00f3n en la discusi\u00f3n y elaboraci\u00f3n de la agenda legislativa y que \u00e9sta ser\u00e1 el documento gu\u00eda en los trabajos de la actual Legislatura, sostienen los diputados pri\u00edstas.<\/div>\n<div style=\"text-align: justify\"><\/div>\n<div style=\"text-align: justify\">Los foros ciudadanos ser\u00e1n el mi\u00e9rcoles 14 en Matehuala a las \u00a016:00 \u00a0en el Sal\u00f3n Llano Azul; mi\u00e9rcoles 21 en \u00a0Rioverde \u00a0a las 16:00 \u00a0en el Hotel Mar\u00eda Dolores; el viernes 23 en \u00a0Tamazunchale \u00a0a las 10:00 en el Restaurante Ahzar; el viernes 23 \u00a0en Ciudad Valles a las \u00a016:00 en el \u00a0Hotel Valles; \u00a0y el s\u00e1bado \u00a024 \u00a0en San Luis Potos\u00ed a las 11:00 \u00a0en el Sal\u00f3n de Usos M\u00faltiples del C.D.E.<\/div>\n","protected":false},"excerpt":{"rendered":"<p>San Luis Potos\u00ed.- 13\/11\/12.-El Grupo Parlamentario del Partido Revolucionario Institucional (PRI) del Congreso del Estado, que coordina la diputada Rosa Mar\u00eda Huerta Valdez, realizar\u00e1 foros en el estado de San Luis Potos\u00ed con el objetivo de tomar en cuenta las propuestas de los ciudadanos para &hellip; <\/p>\n","protected":false},"author":1,"featured_media":17874,"comment_status":"open","ping_status":"open","sticky":false,"template":"","format":"standard","meta":{"footnotes":""},"categories":[11],"tags":[],"class_list":["post-2374","post","type-post","status-publish","format-standard","has-post-thumbnail","hentry","category-estado"],"_links":{"self":[{"href":"https:\/\/amanecerhuasteco.com\/portal\/wp-json\/wp\/v2\/posts\/2374","targetHints":{"allow":["GET"]}}],"collection":[{"href":"https:\/\/amanecerhuasteco.com\/portal\/wp-json\/wp\/v2\/posts"}],"about":[{"href":"https:\/\/amanecerhuasteco.com\/portal\/wp-json\/wp\/v2\/types\/post"}],"author":[{"embeddable":true,"href":"https:\/\/amanecerhuasteco.com\/portal\/wp-json\/wp\/v2\/users\/1"}],"replies":[{"embeddable":true,"href":"https:\/\/amanecerhuasteco.com\/portal\/wp-json\/wp\/v2\/comments?post=2374"}],"version-history":[{"count":0,"href":"https:\/\/amanecerhuasteco.com\/portal\/wp-json\/wp\/v2\/posts\/2374\/revisions"}],"wp:featuredmedia":[{"embeddable":true,"href":"https:\/\/amanecerhuasteco.com\/portal\/wp-json\/wp\/v2\/media\/17874"}],"wp:attachment":[{"href":"https:\/\/amanecerhuasteco.com\/portal\/wp-json\/wp\/v2\/media?parent=2374"}],"wp:term":[{"taxonomy":"category","embeddable":true,"href":"https:\/\/amanecerhuasteco.com\/portal\/wp-json\/wp\/v2\/categories?post=2374"},{"taxonomy":"post_tag","embeddable":true,"href":"https:\/\/amanecerhuasteco.com\/portal\/wp-json\/wp\/v2\/tags?post=2374"}],"curies":[{"name":"wp","href":"https:\/\/api.w.org\/{rel}","templated":true}]}}