{"id":2376,"date":"2012-11-14T17:03:33","date_gmt":"2012-11-14T23:03:33","guid":{"rendered":"http:\/\/amanecerhuasteco.com\/portal\/2012\/11\/14\/presidente-de-la-republica-superviso-libramiento-valles-tamuin\/"},"modified":"2012-11-14T17:03:33","modified_gmt":"2012-11-14T23:03:33","slug":"presidente-de-la-republica-superviso-libramiento-valles-tamuin","status":"publish","type":"post","link":"https:\/\/amanecerhuasteco.com\/portal\/presidente-de-la-republica-superviso-libramiento-valles-tamuin\/","title":{"rendered":"PRESIDENTE DE LA REPUBLICA SUPERVISO LIBRAMIENTO VALLES-TAMUIN"},"content":{"rendered":"<div style=\"text-align: justify\">\u00a0<\/div>\n<div style=\"text-align: justify\"><strong>-Lo reciben alcaldes de Tamuin y Ciudad Valles<\/strong><\/div>\n<div style=\"text-align: justify\">Ciudad Valles S.L.P.- 13\/11\/12.- El Presidente Municipal de Valles, Juan Jos\u00e9 Ortiz Azuara \u00a0y Santiago Ledezma Cano, Presidente de Tamuin, encabezaron la comitiva que la ma\u00f1ana del pasado martes recibi\u00f3 al Presidente Felipe Calder\u00f3n Hinojosa durante la gira de trabajo en la que el Primer Mandatario de la Naci\u00f3n supervis\u00f3 la obra carretera \u00a0 Cd. Valles y Tamu\u00edn \u00a0que forma parte del eje carretero Manzanillo \u2013Tampico Tamaulipas.<\/div>\n<div style=\"text-align: justify\"><\/div>\n<p><img decoding=\"async\" src=\"images\/stories\/-nov2012\/felipe2.jpg\" border=\"0\" alt=\"Lo reciben alcaldes de Tamuin y Ciudad Valles\" title=\"Lo reciben alcaldes de Tamuin y Ciudad Valles\" align=\"right\" \/><\/p>\n<div style=\"text-align: justify\">El evento instalado en el ejido Santa Elena provisionalmente en el kilometro 596 de la citada r\u00faa, descendiendo 4 \u00a0helicopteros puma de la FAM, en el tercero viajaba el Presidente de la Rep\u00fablica que ya era esperado por una comitiva especial en donde se encontraba \u00a0Juan Jos\u00e9 Ortiz Azuara.<\/div>\n<div style=\"text-align: justify\"><\/div>\n<div style=\"text-align: justify\">De inmediato el Presidente Calder\u00f3n se dirigi\u00f3 al estrado en donde se le dieron a conocer las especificaciones t\u00e9cnicas \u00a0de esta carretera que consta de 49.1 kil\u00f3metros y tiene una inversi\u00f3n de 2,280 millones de pesos, misma que en el tramo que corresponde a Tamu\u00edn estar\u00e1 concluida en enero del 2013 y en Ciudad Valles para Diciembre del 2018, Una vez terminada esta acci\u00f3n se reducir\u00e1 en \u00a035 minutos el tiempo de recorrido, adem\u00e1s de que se har\u00e1 con mucho menos riesgo y mayor seguridad.<\/div>\n<div style=\"text-align: justify\"><\/div>\n<div style=\"text-align: justify\">Ah\u00ed mismo se hizo menci\u00f3n del compromiso que asumi\u00f3 el Presidente de la Rep\u00fablica en torno al libramiento de Tamazunchale en donde ya se cumplen las especiaciones t\u00e9cnicas e iniciar\u00e1n trabajos en este mismo mes.<\/div>\n<div style=\"text-align: justify\"><\/div>\n<p><img decoding=\"async\" src=\"images\/stories\/-nov2012\/fellipe3.jpg\" border=\"0\" alt=\"El Presidente estuvo acompa\u00f1ado del Secretario de Comunicaciones y Transportes, Dionisio P\u00e9rez J\u00e1come, quien habl\u00f3 de las bondades de la obra carretera que supervis\u00f3 el Lic. Calder\u00f3n Hinojosa\" title=\"El Presidente estuvo acompa\u00f1ado del Secretario de Comunicaciones y Transportes, Dionisio P\u00e9rez J\u00e1come, quien habl\u00f3 de las bondades de la obra carretera que supervis\u00f3 el Lic. Calder\u00f3n Hinojosa\" align=\"right\" \/><\/p>\n<div style=\"text-align: justify\">El Presidente estuvo acompa\u00f1ado del Secretario de Comunicaciones y Transportes, Dionisio P\u00e9rez J\u00e1come, quien habl\u00f3 de las bondades de la obra carretera que supervis\u00f3 el Lic. Calder\u00f3n Hinojosa, y dijo es una de las m\u00e1s importantes en el pa\u00eds porque une otro importante eje, deja consigo una considerable derrama econ\u00f3mica para Valles y la regi\u00f3n y reactivar\u00e1 las actividades productivas de la regi\u00f3n; en tanto que el Gobernador Fernando Toranzo Fern\u00e1ndez \u00a0dio la bienvenida al \u00a0Presidente de la Rep\u00fablica por su intervenci\u00f3n y por iniciar los trabajos de este tan anhelado libramiento.<\/div>\n<div style=\"text-align: justify\"><\/div>\n<div style=\"text-align: justify\">El Primer Mandatario de la Naci\u00f3n por su parte agradeci\u00f3 la hospitalidad de los Vallenses y dijo sentirte contento por dejar esta obra muy encaminada pues sabe de las necesidades que en materia carretera tienen los Vallenses y los Huastecos, y m\u00e1s a\u00fan porque esta r\u00faa forma parte de un importante eje.<\/div>\n<div style=\"text-align: justify\"><\/div>\n<div style=\"text-align: justify\">Invit\u00f3 as\u00ed a los Vallenses a \u00a0seguir trabajando juntos con su gobierno y unirse contra la inseguridad que tambi\u00e9n afecta a los Huastecos y de lo cual \u00e9l tiene conocimiento, reiterando que su gobierno trabajar\u00e1 hasta el \u00faltimo d\u00eda de su mandato por la zona noreste del pa\u00eds, a la cual pertenecemos y por el bienestar de todas sus familias.<\/div>\n","protected":false},"excerpt":{"rendered":"<p>\u00a0 -Lo reciben alcaldes de Tamuin y Ciudad Valles Ciudad Valles S.L.P.- 13\/11\/12.- El Presidente Municipal de Valles, Juan Jos\u00e9 Ortiz Azuara \u00a0y Santiago Ledezma Cano, Presidente de Tamuin, encabezaron la comitiva que la ma\u00f1ana del pasado martes recibi\u00f3 al Presidente Felipe Calder\u00f3n Hinojosa durante &hellip; <\/p>\n","protected":false},"author":1,"featured_media":2375,"comment_status":"open","ping_status":"open","sticky":false,"template":"","format":"standard","meta":{"footnotes":""},"categories":[4],"tags":[],"class_list":["post-2376","post","type-post","status-publish","format-standard","has-post-thumbnail","hentry","category-inicio"],"_links":{"self":[{"href":"https:\/\/amanecerhuasteco.com\/portal\/wp-json\/wp\/v2\/posts\/2376","targetHints":{"allow":["GET"]}}],"collection":[{"href":"https:\/\/amanecerhuasteco.com\/portal\/wp-json\/wp\/v2\/posts"}],"about":[{"href":"https:\/\/amanecerhuasteco.com\/portal\/wp-json\/wp\/v2\/types\/post"}],"author":[{"embeddable":true,"href":"https:\/\/amanecerhuasteco.com\/portal\/wp-json\/wp\/v2\/users\/1"}],"replies":[{"embeddable":true,"href":"https:\/\/amanecerhuasteco.com\/portal\/wp-json\/wp\/v2\/comments?post=2376"}],"version-history":[{"count":0,"href":"https:\/\/amanecerhuasteco.com\/portal\/wp-json\/wp\/v2\/posts\/2376\/revisions"}],"wp:featuredmedia":[{"embeddable":true,"href":"https:\/\/amanecerhuasteco.com\/portal\/wp-json\/wp\/v2\/media\/2375"}],"wp:attachment":[{"href":"https:\/\/amanecerhuasteco.com\/portal\/wp-json\/wp\/v2\/media?parent=2376"}],"wp:term":[{"taxonomy":"category","embeddable":true,"href":"https:\/\/amanecerhuasteco.com\/portal\/wp-json\/wp\/v2\/categories?post=2376"},{"taxonomy":"post_tag","embeddable":true,"href":"https:\/\/amanecerhuasteco.com\/portal\/wp-json\/wp\/v2\/tags?post=2376"}],"curies":[{"name":"wp","href":"https:\/\/api.w.org\/{rel}","templated":true}]}}