{"id":2381,"date":"2012-11-15T14:14:44","date_gmt":"2012-11-15T20:14:44","guid":{"rendered":"http:\/\/amanecerhuasteco.com\/portal\/2012\/11\/15\/funcionarios-de-sedesol-pidieron-10-en-inversiones-para-vivienda\/"},"modified":"2012-11-15T14:14:44","modified_gmt":"2012-11-15T20:14:44","slug":"funcionarios-de-sedesol-pidieron-10-en-inversiones-para-vivienda","status":"publish","type":"post","link":"https:\/\/amanecerhuasteco.com\/portal\/funcionarios-de-sedesol-pidieron-10-en-inversiones-para-vivienda\/","title":{"rendered":"FUNCIONARIOS DE SEDESOL PIDIERON 10% EN INVERSIONES PARA VIVIENDA"},"content":{"rendered":"<div style=\"text-align: justify\"><strong>&#8211; Reportaron obras inconclusas como \u201cacciones ejecutadas\u201d<\/strong><\/div>\n<div style=\"text-align: justify\">Ciudad Valles S.L.P. 14\/11\/12.- La comisi\u00f3n de vivienda de la izquierda representada en Valles por Ricardo del Sol Estrada presentar\u00e1n ante el Congreso del estado una denuncia contra Sedesol y quienes resulten responsables \u201cpor el enorme despilfarro y agandallamiento de los recursos oficiales para la vivienda.<\/div>\n<div style=\"text-align: justify\">\u00a0 \u00a0 Se\u00f1al\u00f3, \u00a0\u201cTenemos conocimiento que personal de Sedesol en las \u00faltimas partidas de recursos econ\u00f3micos \u00a0exigi\u00f3 descaradamente el 10 por ciento a las presidencias municipales, caso concreto \u00a0es en Tamasopo\u201d, la ahora ex alcaldesa \u201cbaj\u00f3 300 viviendas\u201d y no entreg\u00f3 ni siquiera 50 acciones, desconoci\u00e9ndose la aplicaci\u00f3n aproximada de unos 30 millones de pesos asignados a ese rubro de la vivienda.<\/div>\n<div style=\"text-align: justify\">\u00a0 \u00a0 \u00a0 \u00a0Del sol supone que el recurso econ\u00f3mico recibido por ese concepto fue aplicado para hacer campa\u00f1as para dejar sucesor, por eso solicitar\u00e1n al congreso como entidad oficial realizar una investigaci\u00f3n y se castigue a los responsables.<\/div>\n<div style=\"text-align: justify\">\u00a0 \u00a0 \u00a0 Situaci\u00f3n semejante ocurri\u00f3 en los municipios de Aquism\u00f3n, Matlapa, Axtla y Ebano, Para efectos de que se presupueste en los egresos federales para el a\u00f1o 2013, ya se enviaron los expedientes \u00a0a la representaci\u00f3n nacional de la Comisi\u00f3n de vivienda de la izquierda mexicana.<\/div>\n","protected":false},"excerpt":{"rendered":"<p>&#8211; Reportaron obras inconclusas como \u201cacciones ejecutadas\u201d Ciudad Valles S.L.P. 14\/11\/12.- La comisi\u00f3n de vivienda de la izquierda representada en Valles por Ricardo del Sol Estrada presentar\u00e1n ante el Congreso del estado una denuncia contra Sedesol y quienes resulten responsables \u201cpor el enorme despilfarro y &hellip; <\/p>\n","protected":false},"author":1,"featured_media":17874,"comment_status":"open","ping_status":"open","sticky":false,"template":"","format":"standard","meta":{"footnotes":""},"categories":[4],"tags":[],"class_list":["post-2381","post","type-post","status-publish","format-standard","has-post-thumbnail","hentry","category-inicio"],"_links":{"self":[{"href":"https:\/\/amanecerhuasteco.com\/portal\/wp-json\/wp\/v2\/posts\/2381","targetHints":{"allow":["GET"]}}],"collection":[{"href":"https:\/\/amanecerhuasteco.com\/portal\/wp-json\/wp\/v2\/posts"}],"about":[{"href":"https:\/\/amanecerhuasteco.com\/portal\/wp-json\/wp\/v2\/types\/post"}],"author":[{"embeddable":true,"href":"https:\/\/amanecerhuasteco.com\/portal\/wp-json\/wp\/v2\/users\/1"}],"replies":[{"embeddable":true,"href":"https:\/\/amanecerhuasteco.com\/portal\/wp-json\/wp\/v2\/comments?post=2381"}],"version-history":[{"count":0,"href":"https:\/\/amanecerhuasteco.com\/portal\/wp-json\/wp\/v2\/posts\/2381\/revisions"}],"wp:featuredmedia":[{"embeddable":true,"href":"https:\/\/amanecerhuasteco.com\/portal\/wp-json\/wp\/v2\/media\/17874"}],"wp:attachment":[{"href":"https:\/\/amanecerhuasteco.com\/portal\/wp-json\/wp\/v2\/media?parent=2381"}],"wp:term":[{"taxonomy":"category","embeddable":true,"href":"https:\/\/amanecerhuasteco.com\/portal\/wp-json\/wp\/v2\/categories?post=2381"},{"taxonomy":"post_tag","embeddable":true,"href":"https:\/\/amanecerhuasteco.com\/portal\/wp-json\/wp\/v2\/tags?post=2381"}],"curies":[{"name":"wp","href":"https:\/\/api.w.org\/{rel}","templated":true}]}}