{"id":2389,"date":"2012-11-15T16:39:52","date_gmt":"2012-11-15T22:39:52","guid":{"rendered":"http:\/\/amanecerhuasteco.com\/portal\/2012\/11\/15\/optimismo-por-inicio-de-zafra-gobellan-landaverde\/"},"modified":"2012-11-15T16:39:52","modified_gmt":"2012-11-15T22:39:52","slug":"optimismo-por-inicio-de-zafra-gobellan-landaverde","status":"publish","type":"post","link":"https:\/\/amanecerhuasteco.com\/portal\/optimismo-por-inicio-de-zafra-gobellan-landaverde\/","title":{"rendered":"OPTIMISMO POR INICIO DE ZAFRA: GOBELLAN LANDAVERDE"},"content":{"rendered":"<div style=\"text-align: justify\">Ciudad Valles S.L.P. 15\/11\/12.- Productores de ca\u00f1a de los Ingenios Azucareros de la Huasteca ven con optimismo el inicio de las zafras 2012-2013 de sus respectivas fabricas, ya que con ello se reactiva la econom\u00eda afectada gravemente por 3 zafras de baja producci\u00f3n.<\/div>\n<div style=\"text-align: justify\">\u00a0 \u00a0 Arturo Gobell\u00e1n Landaverde, Presidente de la Uni\u00f3n Local de Ca\u00f1eros CNC de Alianza Popular, \u00a0dijo que con el inicio de la zafra, comenz\u00f3 la quema de ca\u00f1as, contrataci\u00f3n de cientos de cortadores de ca\u00f1a, camioneros, generando cientos de empleos directos o indirectos que generan optimismo entre el sector ca\u00f1ero, luego de problemas econ\u00f3micos.<\/div>\n<div style=\"text-align: justify\">\u00a0 \u00a0 \u00a0En el caso particular de ca\u00f1eros CNC de Alianza Popular, \u00a0ser\u00e1n cosechadas 19,598 hect\u00e1reas y se tiene un primer estimado de 975,000 toneladas de ca\u00f1a aunque se tiene confianza que se incrementara la producci\u00f3n, por lo pronto se reactivo la econom\u00eda de la zona y con ello se genera optimismo entre los productores de ca\u00f1a.<\/div>\n<div style=\"text-align: justify\">\u00a0 \u00a0 \u00a0 Gobell\u00e1n Landaverde, reconoci\u00f3 los problemas econ\u00f3micos por los que han pasado la mayor\u00eda \u00a0de los productores de ca\u00f1a provocado por 3 zafras que se caracterizaron por baja producci\u00f3n y afectaci\u00f3n de fen\u00f3menos naturales como sequ\u00edas o inundaciones, sin embargo esta zafra plantea una buena producci\u00f3n que seguramente permitir\u00e1 al ca\u00f1ero salir adelante con sus compromisos financieros. \u00a0<\/div>\n<div style=\"text-align: justify\">\u00a0 \u00a0 \u00a0 Indic\u00f3 que los productores de ca\u00f1a se encuentran comprometidos con la productividad, realizan los trabajos culturales, controlan plagas y aplican fertilizantes, se tiene confianza en que la zafra 2012-2013 sea \u201cproductiva\u201d.<\/div>\n<div style=\"text-align: justify\">\u00a0 \u00a0 Puntualiz\u00f3, que se tuvieron algunos detalles con el inicio de la molienda en la fabrica, sin embargo se corrigieron y se encuentra moliendo diariamente 7000 toneladas de ca\u00f1a lo que ha generado confianza entre los productores de que su producci\u00f3n ser\u00e1 industrializada.<\/div>\n","protected":false},"excerpt":{"rendered":"<p>Ciudad Valles S.L.P. 15\/11\/12.- Productores de ca\u00f1a de los Ingenios Azucareros de la Huasteca ven con optimismo el inicio de las zafras 2012-2013 de sus respectivas fabricas, ya que con ello se reactiva la econom\u00eda afectada gravemente por 3 zafras de baja producci\u00f3n. \u00a0 \u00a0 &hellip; <\/p>\n","protected":false},"author":1,"featured_media":2388,"comment_status":"open","ping_status":"open","sticky":false,"template":"","format":"standard","meta":{"footnotes":""},"categories":[4],"tags":[],"class_list":["post-2389","post","type-post","status-publish","format-standard","has-post-thumbnail","hentry","category-inicio"],"_links":{"self":[{"href":"https:\/\/amanecerhuasteco.com\/portal\/wp-json\/wp\/v2\/posts\/2389","targetHints":{"allow":["GET"]}}],"collection":[{"href":"https:\/\/amanecerhuasteco.com\/portal\/wp-json\/wp\/v2\/posts"}],"about":[{"href":"https:\/\/amanecerhuasteco.com\/portal\/wp-json\/wp\/v2\/types\/post"}],"author":[{"embeddable":true,"href":"https:\/\/amanecerhuasteco.com\/portal\/wp-json\/wp\/v2\/users\/1"}],"replies":[{"embeddable":true,"href":"https:\/\/amanecerhuasteco.com\/portal\/wp-json\/wp\/v2\/comments?post=2389"}],"version-history":[{"count":0,"href":"https:\/\/amanecerhuasteco.com\/portal\/wp-json\/wp\/v2\/posts\/2389\/revisions"}],"wp:featuredmedia":[{"embeddable":true,"href":"https:\/\/amanecerhuasteco.com\/portal\/wp-json\/wp\/v2\/media\/2388"}],"wp:attachment":[{"href":"https:\/\/amanecerhuasteco.com\/portal\/wp-json\/wp\/v2\/media?parent=2389"}],"wp:term":[{"taxonomy":"category","embeddable":true,"href":"https:\/\/amanecerhuasteco.com\/portal\/wp-json\/wp\/v2\/categories?post=2389"},{"taxonomy":"post_tag","embeddable":true,"href":"https:\/\/amanecerhuasteco.com\/portal\/wp-json\/wp\/v2\/tags?post=2389"}],"curies":[{"name":"wp","href":"https:\/\/api.w.org\/{rel}","templated":true}]}}