{"id":2393,"date":"2012-11-16T14:09:46","date_gmt":"2012-11-16T20:09:46","guid":{"rendered":"http:\/\/amanecerhuasteco.com\/portal\/2012\/11\/16\/sesiones-del-cabildo-deben-ser-publicas\/"},"modified":"2012-11-16T14:09:46","modified_gmt":"2012-11-16T20:09:46","slug":"sesiones-del-cabildo-deben-ser-publicas","status":"publish","type":"post","link":"https:\/\/amanecerhuasteco.com\/portal\/sesiones-del-cabildo-deben-ser-publicas\/","title":{"rendered":"SESIONES DEL CABILDO DEBEN SER \u201cPUBLICAS\u201d"},"content":{"rendered":"<div style=\"text-align: justify\"><strong>&#8211; Regidor del PRD dijo que eran privadas para no \u201cpolitizarlas\u201d<\/strong><\/div>\n<div style=\"text-align: justify\">Ciudad Valles S.L.P. 15\/11\/12.- De acuerdo a lo establecido en la Ley Org\u00e1nica del Municipio Libre, las sesiones del cabildo deben de ser de car\u00e1cter p\u00fablico y solo habr\u00e1 excepciones al tratarse temas de seguridad.<\/div>\n<div style=\"text-align: justify\">\u00a0 \u00a0 \u00a0Ante tal situaci\u00f3n el ayuntamiento local se encuentra violentando la ley al realizar reuniones de cabildo en privado, cuando por ley deben ser p\u00fablicas para que los ciudadanos que as\u00ed lo deseen puedan escuchar el trabajo de los regidores en cada una de sus comisiones asignadas.<\/div>\n<div style=\"text-align: justify\">\u00a0 \u00a0 Lo anterior sali\u00f3 a relucir luego que el regidor del PRD, Roberto Rosas Reyes hizo lamentables declaraciones al no conocer lo que dice la ley, contrario a lo se\u00f1alado por el regidor del Verde Ecologista quien asegura que deben ser publicas.<\/div>\n<div style=\"text-align: justify\">\u00a0 \u00a0 \u00a0El ex contralor Abraham Camarillo Orta en relaci\u00f3n al mismo tema, donde el regidor Roberto Rosas regidor del PRD dijo que no eran p\u00fablicas para no politizarlas y se prolongaran las sesiones, dijo textualmente: \u201cLos conceptos est\u00e1n en la Ley org\u00e1nica del municipio, le recomiendo a los regidores a leer cuando menos esta Ley\u201d. Que a la letra dice: los tres tipos de sesiones del cabildo; solemnes, ordinarias y extraordinarias que deben ser de car\u00e1cter p\u00fablico\u201d.<\/div>\n<div style=\"text-align: justify\">\u00a0 \u00a0 Cuando sean privadas, solamente que el asunto o tema a tratar de privacidad por cuestiones de \u201cseguridad\u201d o algo que es necesario tratarlo as\u00ed para no entorpecer algo importante, de ninguna manera son privadas, si ya van dos de esa \u00edndole deben corregir ese desatino\u201d, puntualizo.<\/div>\n","protected":false},"excerpt":{"rendered":"<p>&#8211; Regidor del PRD dijo que eran privadas para no \u201cpolitizarlas\u201d Ciudad Valles S.L.P. 15\/11\/12.- De acuerdo a lo establecido en la Ley Org\u00e1nica del Municipio Libre, las sesiones del cabildo deben de ser de car\u00e1cter p\u00fablico y solo habr\u00e1 excepciones al tratarse temas de &hellip; <\/p>\n","protected":false},"author":1,"featured_media":17874,"comment_status":"open","ping_status":"open","sticky":false,"template":"","format":"standard","meta":{"footnotes":""},"categories":[7],"tags":[],"class_list":["post-2393","post","type-post","status-publish","format-standard","has-post-thumbnail","hentry","category-ciudad"],"_links":{"self":[{"href":"https:\/\/amanecerhuasteco.com\/portal\/wp-json\/wp\/v2\/posts\/2393","targetHints":{"allow":["GET"]}}],"collection":[{"href":"https:\/\/amanecerhuasteco.com\/portal\/wp-json\/wp\/v2\/posts"}],"about":[{"href":"https:\/\/amanecerhuasteco.com\/portal\/wp-json\/wp\/v2\/types\/post"}],"author":[{"embeddable":true,"href":"https:\/\/amanecerhuasteco.com\/portal\/wp-json\/wp\/v2\/users\/1"}],"replies":[{"embeddable":true,"href":"https:\/\/amanecerhuasteco.com\/portal\/wp-json\/wp\/v2\/comments?post=2393"}],"version-history":[{"count":0,"href":"https:\/\/amanecerhuasteco.com\/portal\/wp-json\/wp\/v2\/posts\/2393\/revisions"}],"wp:featuredmedia":[{"embeddable":true,"href":"https:\/\/amanecerhuasteco.com\/portal\/wp-json\/wp\/v2\/media\/17874"}],"wp:attachment":[{"href":"https:\/\/amanecerhuasteco.com\/portal\/wp-json\/wp\/v2\/media?parent=2393"}],"wp:term":[{"taxonomy":"category","embeddable":true,"href":"https:\/\/amanecerhuasteco.com\/portal\/wp-json\/wp\/v2\/categories?post=2393"},{"taxonomy":"post_tag","embeddable":true,"href":"https:\/\/amanecerhuasteco.com\/portal\/wp-json\/wp\/v2\/tags?post=2393"}],"curies":[{"name":"wp","href":"https:\/\/api.w.org\/{rel}","templated":true}]}}