{"id":2398,"date":"2012-11-17T16:40:46","date_gmt":"2012-11-17T22:40:46","guid":{"rendered":"http:\/\/amanecerhuasteco.com\/portal\/2012\/11\/17\/sigue-modernizando-ftf-institutos-tecnologicos\/"},"modified":"2012-11-17T16:40:46","modified_gmt":"2012-11-17T22:40:46","slug":"sigue-modernizando-ftf-institutos-tecnologicos","status":"publish","type":"post","link":"https:\/\/amanecerhuasteco.com\/portal\/sigue-modernizando-ftf-institutos-tecnologicos\/","title":{"rendered":"SIGUE MODERNIZANDO FTF INSTITUTOS TECNOL\u00d3GICOS"},"content":{"rendered":"<div style=\"text-align: justify\"><\/div>\n<div style=\"text-align: justify\">Ebano S.L.P. 16\/11\/12.-El Gobernador del Estado, Doctor Fernando Toranzo Fern\u00e1ndez, acompa\u00f1ado por el director General de Educaci\u00f3n Tecnol\u00f3gica de la SEP, Carlos Alfonso Garc\u00eda Ibarra y el titular de SEGE, Juan Antonio Mart\u00ednez Mart\u00ednez, entreg\u00f3 obras de infraestructura y equipamiento tecnol\u00f3gico, en el marco del programa de fortalecimiento de la red de institutos tecnol\u00f3gicos de San Luis Potos\u00ed.<\/div>\n<div style=\"text-align: justify\"><\/div>\n<div style=\"text-align: justify\">Actualmente en la red de institutos tecnol\u00f3gicos, m\u00e1s de 25 mil j\u00f3venes estudian una carrera de ingenier\u00eda, lo que representa casi el 40 por ciento del total de la matricula de educaci\u00f3n superior del estado.<\/div>\n<div style=\"text-align: justify\"><\/div>\n<p><img decoding=\"async\" src=\"images\/stories\/-nov2012\/ftfins.jpg\" border=\"0\" alt=\"Inauguraci\u00f3n del edificio multifuncional del Instituto Tecnol\u00f3gico de Matehuala\" title=\"Inauguraci\u00f3n del edificio multifuncional del Instituto Tecnol\u00f3gico de Matehuala\" align=\"right\" \/><\/p>\n<div style=\"text-align: justify\">Por la ma\u00f1ana, durante la inauguraci\u00f3n del edificio multifuncional del Instituto Tecnol\u00f3gico de Matehuala, el doctor Toranzo refrend\u00f3 el compromiso de continuar atendiendo las necesidades de la juventud de este municipio, y de seguir trabajando para hacer de la educaci\u00f3n el instrumento de desarrollo y de libertad \u00a0en el altiplano y en todo el estado.<\/div>\n<div style=\"text-align: justify\"><\/div>\n<div style=\"text-align: justify\">Destac\u00f3 la importancia de la educaci\u00f3n tecnol\u00f3gica superior, en la que los tres niveles de gobierno trabajan con \u00e9nfasis, ya que de ella depende en gran medida la posibilidad de detonar el desarrollo econ\u00f3mico y social de San Luis Potos\u00ed.<\/div>\n<div style=\"text-align: justify\"><\/div>\n<div style=\"text-align: justify\">Posteriormente, en \u00c9bano, el titular del Poder Ejecutivo entreg\u00f3 a la comunidad acad\u00e9mica equipamiento para los talleres y laboratorios del Instituto Tecnol\u00f3gico Superior, el cual, dijo, habr\u00e1 de prepararlos mejor para enfrentar los retos que el mundo laboral les plantear\u00e1 dentro de poco tiempo.<\/div>\n<div style=\"text-align: justify\"><\/div>\n<div style=\"text-align: justify\">Agreg\u00f3 que hace 2 a\u00f1os se consigui\u00f3 el apoyo del gobierno federal para este instituto superior, y ya casi se ha duplicado la matr\u00edcula, para que cada ciclo escolar 190 nuevos alumnos emprendan sus proyectos universitarios y de vida.\u00a0<\/div>\n<div style=\"text-align: justify\"><\/div>\n<div style=\"text-align: justify\">Finalmente entreg\u00f3 equipamiento para los talleres y laboratorios del Instituto Tecnol\u00f3gico Superior de Tamazunchale, en donde se\u00f1al\u00f3 que en esta gira de trabajo por la educaci\u00f3n, \u201cno pod\u00edamos dejar fuera al municipio potosino donde hemos abierto grandes oportunidades de educaci\u00f3n media superior y superior de todo el estado\u201d.<\/div>\n<div style=\"text-align: justify\"><\/div>\n<div style=\"text-align: justify\">Por su parte las comunidades educativas de los tecnol\u00f3gicos manifestaron al Gobernador Fernando Toranzo Fern\u00e1ndez su compromiso de aprovechar al m\u00e1ximo las fortalezas acad\u00e9micas que hoy se les brindan y rendirle a la sociedad las mejores cuentas, pues es a ella a quienes se deben.<\/div>\n<div style=\"text-align: justify\"><\/div>\n<div style=\"text-align: justify\">El secretario de Educaci\u00f3n, Juan Antonio Mart\u00ednez Mart\u00ednez, hizo un reconocimiento a Toranzo Fern\u00e1ndez por el apoyo recibido para fortalecer este nivel educativo, y resalt\u00f3 que con un programa de alrededor de 150 millones de pesos de inversi\u00f3n en infraestructura y equipamiento tecnol\u00f3gico, se ha apoyado de manera decidida a la red de institutos tecnol\u00f3gicos de las cuatro regiones del Estado, coordinadamente con la SEP.\u00a0<\/div>\n","protected":false},"excerpt":{"rendered":"<p>Ebano S.L.P. 16\/11\/12.-El Gobernador del Estado, Doctor Fernando Toranzo Fern\u00e1ndez, acompa\u00f1ado por el director General de Educaci\u00f3n Tecnol\u00f3gica de la SEP, Carlos Alfonso Garc\u00eda Ibarra y el titular de SEGE, Juan Antonio Mart\u00ednez Mart\u00ednez, entreg\u00f3 obras de infraestructura y equipamiento tecnol\u00f3gico, en el marco del &hellip; <\/p>\n","protected":false},"author":1,"featured_media":2397,"comment_status":"open","ping_status":"open","sticky":false,"template":"","format":"standard","meta":{"footnotes":""},"categories":[4],"tags":[],"class_list":["post-2398","post","type-post","status-publish","format-standard","has-post-thumbnail","hentry","category-inicio"],"_links":{"self":[{"href":"https:\/\/amanecerhuasteco.com\/portal\/wp-json\/wp\/v2\/posts\/2398","targetHints":{"allow":["GET"]}}],"collection":[{"href":"https:\/\/amanecerhuasteco.com\/portal\/wp-json\/wp\/v2\/posts"}],"about":[{"href":"https:\/\/amanecerhuasteco.com\/portal\/wp-json\/wp\/v2\/types\/post"}],"author":[{"embeddable":true,"href":"https:\/\/amanecerhuasteco.com\/portal\/wp-json\/wp\/v2\/users\/1"}],"replies":[{"embeddable":true,"href":"https:\/\/amanecerhuasteco.com\/portal\/wp-json\/wp\/v2\/comments?post=2398"}],"version-history":[{"count":0,"href":"https:\/\/amanecerhuasteco.com\/portal\/wp-json\/wp\/v2\/posts\/2398\/revisions"}],"wp:featuredmedia":[{"embeddable":true,"href":"https:\/\/amanecerhuasteco.com\/portal\/wp-json\/wp\/v2\/media\/2397"}],"wp:attachment":[{"href":"https:\/\/amanecerhuasteco.com\/portal\/wp-json\/wp\/v2\/media?parent=2398"}],"wp:term":[{"taxonomy":"category","embeddable":true,"href":"https:\/\/amanecerhuasteco.com\/portal\/wp-json\/wp\/v2\/categories?post=2398"},{"taxonomy":"post_tag","embeddable":true,"href":"https:\/\/amanecerhuasteco.com\/portal\/wp-json\/wp\/v2\/tags?post=2398"}],"curies":[{"name":"wp","href":"https:\/\/api.w.org\/{rel}","templated":true}]}}