{"id":2403,"date":"2012-11-21T15:35:29","date_gmt":"2012-11-21T21:35:29","guid":{"rendered":"http:\/\/amanecerhuasteco.com\/portal\/2012\/11\/21\/publica-ipicyt-calendario-para-aspirantes-a-posgrado-en-nanociencias-y-materiales\/"},"modified":"2012-11-21T15:35:29","modified_gmt":"2012-11-21T21:35:29","slug":"publica-ipicyt-calendario-para-aspirantes-a-posgrado-en-nanociencias-y-materiales","status":"publish","type":"post","link":"https:\/\/amanecerhuasteco.com\/portal\/publica-ipicyt-calendario-para-aspirantes-a-posgrado-en-nanociencias-y-materiales\/","title":{"rendered":"PUBLICA IPICYT CALENDARIO PARA ASPIRANTES A POSGRADO EN NANOCIENCIAS Y MATERIALES"},"content":{"rendered":"<div style=\"text-align: justify\">La Divisi\u00f3n de Materiales Avanzados del Instituto Potosino de Investigaci\u00f3n, Ciencia y Tecnolog\u00eda, dio a conocer las fechas de aplicaci\u00f3n de ex\u00e1menes para el proceso de selecci\u00f3n de los aspirantes locales a ingresar a la maestr\u00eda y doctorado de Nanociencias y Materiales, que inician este martes 20 y concluyen el 29 de noviembre.<\/div>\n<div style=\"text-align: justify\"><\/div>\n<div style=\"text-align: justify\">Para los aspirantes a la maestr\u00eda en Nanociencias y Materiales este martes ser\u00e1 el examen de f\u00edsica, y subsecuentemente el d\u00eda 22 el de qu\u00edmica, el 23 el de matem\u00e1ticas y el d\u00eda 28 el de ingl\u00e9s.<\/div>\n<div style=\"text-align: justify\"><\/div>\n<div style=\"text-align: justify\">Para el Doctorado \u00a0el lunes 26 el examen de matem\u00e1ticas, el 27 el de introducci\u00f3n a los materiales, el mi\u00e9rcoles 28 el de ingl\u00e9s, \u00a0el jueves 29 el de Qu\u00edmica, y el viernes 30 el de f\u00edsica.<\/div>\n<div style=\"text-align: justify\"><\/div>\n<div style=\"text-align: justify\">Todos los ex\u00e1menes se aplicar\u00e1n en el edificio de Posgrado, por lo que los interesados s\u00f3lo deber\u00e1n verificar el nombre del aula y los horarios.<\/div>\n<div style=\"text-align: justify\"><\/div>\n<div style=\"text-align: justify\">El ingreso al posgrado ser\u00e1 en enero de 2013 y para mayores informes dirigirse al doctor Vicente Rodr\u00edguez Gonz\u00e1lez, coordinador acad\u00e9mico, Vicente.rdz@ipicyt.edu.mx; con Ivonne Lizette Cuevas V\u00e9lez, jefa del Departamento del Posgrado, o al IPICYT, en Camino a la Presa San Jos\u00e9 n\u00famero 2055, Lomas 4\u00aa. Secci\u00f3n, a los tel\u00e9fonos 8324-2000, extensi\u00f3n 2056 y 834-20-10.<\/div>\n","protected":false},"excerpt":{"rendered":"<p>La Divisi\u00f3n de Materiales Avanzados del Instituto Potosino de Investigaci\u00f3n, Ciencia y Tecnolog\u00eda, dio a conocer las fechas de aplicaci\u00f3n de ex\u00e1menes para el proceso de selecci\u00f3n de los aspirantes locales a ingresar a la maestr\u00eda y doctorado de Nanociencias y Materiales, que inician este &hellip; <\/p>\n","protected":false},"author":1,"featured_media":17874,"comment_status":"open","ping_status":"open","sticky":false,"template":"","format":"standard","meta":{"footnotes":""},"categories":[11],"tags":[],"class_list":["post-2403","post","type-post","status-publish","format-standard","has-post-thumbnail","hentry","category-estado"],"_links":{"self":[{"href":"https:\/\/amanecerhuasteco.com\/portal\/wp-json\/wp\/v2\/posts\/2403","targetHints":{"allow":["GET"]}}],"collection":[{"href":"https:\/\/amanecerhuasteco.com\/portal\/wp-json\/wp\/v2\/posts"}],"about":[{"href":"https:\/\/amanecerhuasteco.com\/portal\/wp-json\/wp\/v2\/types\/post"}],"author":[{"embeddable":true,"href":"https:\/\/amanecerhuasteco.com\/portal\/wp-json\/wp\/v2\/users\/1"}],"replies":[{"embeddable":true,"href":"https:\/\/amanecerhuasteco.com\/portal\/wp-json\/wp\/v2\/comments?post=2403"}],"version-history":[{"count":0,"href":"https:\/\/amanecerhuasteco.com\/portal\/wp-json\/wp\/v2\/posts\/2403\/revisions"}],"wp:featuredmedia":[{"embeddable":true,"href":"https:\/\/amanecerhuasteco.com\/portal\/wp-json\/wp\/v2\/media\/17874"}],"wp:attachment":[{"href":"https:\/\/amanecerhuasteco.com\/portal\/wp-json\/wp\/v2\/media?parent=2403"}],"wp:term":[{"taxonomy":"category","embeddable":true,"href":"https:\/\/amanecerhuasteco.com\/portal\/wp-json\/wp\/v2\/categories?post=2403"},{"taxonomy":"post_tag","embeddable":true,"href":"https:\/\/amanecerhuasteco.com\/portal\/wp-json\/wp\/v2\/tags?post=2403"}],"curies":[{"name":"wp","href":"https:\/\/api.w.org\/{rel}","templated":true}]}}