{"id":2405,"date":"2012-11-21T15:42:31","date_gmt":"2012-11-21T21:42:31","guid":{"rendered":"http:\/\/amanecerhuasteco.com\/portal\/2012\/11\/21\/magno-desfile-de-la-revolucion-mexicana\/"},"modified":"2012-11-21T15:42:31","modified_gmt":"2012-11-21T21:42:31","slug":"magno-desfile-de-la-revolucion-mexicana","status":"publish","type":"post","link":"https:\/\/amanecerhuasteco.com\/portal\/magno-desfile-de-la-revolucion-mexicana\/","title":{"rendered":"MAGNO DESFILE DE LA \u201cREVOLUCION MEXICANA\u201d"},"content":{"rendered":"<div style=\"text-align: justify\"><strong>-Miles participaron en el conmemorativo desfile del 20 de Noviembre<\/strong><\/div>\n<div style=\"text-align: justify\">Ciudad Valles S.L.P. 20\/11\/12.- Correspondi\u00f3 al Presidente Municipal Juan Jos\u00e9 Ortiz Azuara encabezar el desfile de la Revoluci\u00f3n Mexicana acompa\u00f1ado de todos los integrantes del cabildo y funcionarios municipales, as\u00ed como las autoridades militares del 36 Batall\u00f3n de Infanter\u00eda de esta localidad.<\/div>\n<div style=\"text-align: justify\">\u00a0 \u00a0 \u00a0De acuerdo a datos oficiales, participaron alrededor de 4,500 personas en el desfile, como es el caso de personas de la tercera edad, instituciones de gobierno, sindicatos, alumnos de Quinto y Sexto de escuelas primarias, Asociaci\u00f3n de Charros y Militares, mismo que fue admirado por miles de asistentes a las principales calles de la ciudad.<\/div>\n<div style=\"text-align: justify\">\u00a0 \u00a0 \u00a0El acto c\u00edvico alusivo al CII Aniversario de la Revoluci\u00f3n Mexicana \u00a0se llev\u00f3 a cabo en la Glorieta \u00a0Hidalgo, en donde minutos despu\u00e9s las autoridades municipales y militares encabezaron \u00a0el desfile conmemorativo al \u201c20 de noviembre o de la Reoluci\u00f3n Mexicana\u201d.<\/div>\n<div style=\"text-align: justify\">\u00a0 \u00a0 \u00a0 El Director de Acci\u00f3n C\u00edvica, Policarpio Valladares Orta, \u00a0inform\u00f3 que fueron aproximadamente \u00a045 los contingentes que desde la Glorieta Hidalgo \u00a0recorrieron el boulevard M\u00e9xico Laredo, para ingresar sobre la Av. Ju\u00e1rez, pasar frente a la Presidencia Municipal y culminar en la Avenida Pedro Antonio Santos.<\/div>\n<p><img decoding=\"async\" src=\"images\/stories\/-nov2012\/desfile10.jpg\" border=\"0\" alt=\"MAGNO DESFILE DE LA \u201cREVOLUCION MEXICANA\u201d \" title=\"MAGNO DESFILE DE LA \u201cREVOLUCION MEXICANA\u201d \" align=\"right\" \/><\/p>\n<div style=\"text-align: justify\">\u00a0 \u00a0 \u00a0 El desfile lo abrieron moto patrullas \u00a0y patrullas de la Direcci\u00f3n de Seguridad P\u00fablica y Tr\u00e1nsito Municipal \u00a0as\u00ed como del resto de las corporaciones con presencia en la localidad, las autoridades municipales, educativas, militares, adem\u00e1s de regidores y funcionarios, seguidos del INAPAM, jubilados y pensionados del IMSS adem\u00e1s de 32 agrupamientos de primarias que portaban trajes alusivos a la Revoluci\u00f3n Mexicana as\u00ed como tablas r\u00edtmicas en las que los alumnos portaban vistosos materiales elaborados en la mayor\u00eda de los casos con material reciclable.<\/div>\n<div style=\"text-align: justify\">\u00a0 \u00a0 \u00a0Por \u00faltimo, las escuelas de educaci\u00f3n primaria desfilaron para el agrado de las familias presentes contingentes de deportistas, la Cruz Roja, Pentatl\u00f3n, Bomberos y los Charros, que cerraron el evento conmemorativo a la Revoluci\u00f3n Mexicana.<\/div>\n","protected":false},"excerpt":{"rendered":"<p>-Miles participaron en el conmemorativo desfile del 20 de Noviembre Ciudad Valles S.L.P. 20\/11\/12.- Correspondi\u00f3 al Presidente Municipal Juan Jos\u00e9 Ortiz Azuara encabezar el desfile de la Revoluci\u00f3n Mexicana acompa\u00f1ado de todos los integrantes del cabildo y funcionarios municipales, as\u00ed como las autoridades militares del &hellip; <\/p>\n","protected":false},"author":1,"featured_media":2404,"comment_status":"open","ping_status":"open","sticky":false,"template":"","format":"standard","meta":{"footnotes":""},"categories":[4],"tags":[],"class_list":["post-2405","post","type-post","status-publish","format-standard","has-post-thumbnail","hentry","category-inicio"],"_links":{"self":[{"href":"https:\/\/amanecerhuasteco.com\/portal\/wp-json\/wp\/v2\/posts\/2405","targetHints":{"allow":["GET"]}}],"collection":[{"href":"https:\/\/amanecerhuasteco.com\/portal\/wp-json\/wp\/v2\/posts"}],"about":[{"href":"https:\/\/amanecerhuasteco.com\/portal\/wp-json\/wp\/v2\/types\/post"}],"author":[{"embeddable":true,"href":"https:\/\/amanecerhuasteco.com\/portal\/wp-json\/wp\/v2\/users\/1"}],"replies":[{"embeddable":true,"href":"https:\/\/amanecerhuasteco.com\/portal\/wp-json\/wp\/v2\/comments?post=2405"}],"version-history":[{"count":0,"href":"https:\/\/amanecerhuasteco.com\/portal\/wp-json\/wp\/v2\/posts\/2405\/revisions"}],"wp:featuredmedia":[{"embeddable":true,"href":"https:\/\/amanecerhuasteco.com\/portal\/wp-json\/wp\/v2\/media\/2404"}],"wp:attachment":[{"href":"https:\/\/amanecerhuasteco.com\/portal\/wp-json\/wp\/v2\/media?parent=2405"}],"wp:term":[{"taxonomy":"category","embeddable":true,"href":"https:\/\/amanecerhuasteco.com\/portal\/wp-json\/wp\/v2\/categories?post=2405"},{"taxonomy":"post_tag","embeddable":true,"href":"https:\/\/amanecerhuasteco.com\/portal\/wp-json\/wp\/v2\/tags?post=2405"}],"curies":[{"name":"wp","href":"https:\/\/api.w.org\/{rel}","templated":true}]}}