{"id":2407,"date":"2012-11-21T15:55:24","date_gmt":"2012-11-21T21:55:24","guid":{"rendered":"http:\/\/amanecerhuasteco.com\/portal\/2012\/11\/21\/baja-de-precio-del-azucar-podria-ser-temporal\/"},"modified":"2012-11-21T15:55:24","modified_gmt":"2012-11-21T21:55:24","slug":"baja-de-precio-del-azucar-podria-ser-temporal","status":"publish","type":"post","link":"https:\/\/amanecerhuasteco.com\/portal\/baja-de-precio-del-azucar-podria-ser-temporal\/","title":{"rendered":"BAJA DE PRECIO DEL AZUCAR PODRIA SER TEMPORAL"},"content":{"rendered":"<div style=\"text-align: justify\"><strong>-Reservas de az\u00facar de M\u00e9xico fueron sacadas al mercado\u00a0<\/strong><\/div>\n<div style=\"text-align: justify\">San Luis Potos\u00ed.- Presidentes de las Uniones Locales de Ca\u00f1eros CNC de Alianza Popular Arturo Gobellan Landaverde y de Plan de Ayala, Antonio Ju\u00e1rez Torres, coincidieron en se\u00f1alar que es preocupante el bajo precio del az\u00facar ya que significan menos ingresos para el productor que a sido golpeado por 3 malas zafras.<\/div>\n<div style=\"text-align: justify\"><\/div>\n<div style=\"text-align: justify\">\u00a0Productores de ca\u00f1a del Ingenio \u00abAlianza Popular\u201d, manifestaron su preocupaci\u00f3n por la tendencia a la baja que mantiene el precio del az\u00facar, provocada por un incremento en las importaciones de endulzante guatemalteco derivado en una sobreoferta en el mercado adem\u00e1s de la comercializaci\u00f3n de reservas de az\u00facar de FEESA.<\/div>\n<div style=\"text-align: justify\"><\/div>\n<div style=\"text-align: justify\">Indicaron que esta situaci\u00f3n favorece el bolsillo de los \u201cconsumidores\u201d, pero para el ca\u00f1ero representa un desastre a su econom\u00eda porque se traduce en menos pago por tonelada de ca\u00f1a entregada a los Ingenios Azucareros.<\/div>\n<div style=\"text-align: justify\"><\/div>\n<p><img decoding=\"async\" src=\"images\/stories\/-nov2012\/antoniojuarez.jpg\" border=\"0\" alt=\"Antonio Ju\u00e1rez Torres\" title=\"Antonio Ju\u00e1rez Torres\" align=\"right\" \/><\/p>\n<div style=\"text-align: justify\">Dirigentes ca\u00f1eros exhortaron a sus representados a tener paciencia, ya que se conf\u00eda que el bajo precio es temporal, debido la importaci\u00f3n de az\u00facar \u201cextra\u201d de Guatemala y se esta comercializando las reservas en M\u00e9xico principalmente las de FEESA, motivando la baja en el precio.<\/div>\n<div style=\"text-align: justify\">\u00a0 \u00a0 \u00a0Mientras tanto, el desarrollo de la zafra 2012-2013 se realiza con altos niveles de productividad en el campo y fabrica, lo que motiva tanto al sector industrial como el sector agr\u00edcola que esperan una zafra productiva.<\/div>\n","protected":false},"excerpt":{"rendered":"<p>-Reservas de az\u00facar de M\u00e9xico fueron sacadas al mercado\u00a0 San Luis Potos\u00ed.- Presidentes de las Uniones Locales de Ca\u00f1eros CNC de Alianza Popular Arturo Gobellan Landaverde y de Plan de Ayala, Antonio Ju\u00e1rez Torres, coincidieron en se\u00f1alar que es preocupante el bajo precio del az\u00facar &hellip; <\/p>\n","protected":false},"author":1,"featured_media":2406,"comment_status":"open","ping_status":"open","sticky":false,"template":"","format":"standard","meta":{"footnotes":""},"categories":[4],"tags":[],"class_list":["post-2407","post","type-post","status-publish","format-standard","has-post-thumbnail","hentry","category-inicio"],"_links":{"self":[{"href":"https:\/\/amanecerhuasteco.com\/portal\/wp-json\/wp\/v2\/posts\/2407","targetHints":{"allow":["GET"]}}],"collection":[{"href":"https:\/\/amanecerhuasteco.com\/portal\/wp-json\/wp\/v2\/posts"}],"about":[{"href":"https:\/\/amanecerhuasteco.com\/portal\/wp-json\/wp\/v2\/types\/post"}],"author":[{"embeddable":true,"href":"https:\/\/amanecerhuasteco.com\/portal\/wp-json\/wp\/v2\/users\/1"}],"replies":[{"embeddable":true,"href":"https:\/\/amanecerhuasteco.com\/portal\/wp-json\/wp\/v2\/comments?post=2407"}],"version-history":[{"count":0,"href":"https:\/\/amanecerhuasteco.com\/portal\/wp-json\/wp\/v2\/posts\/2407\/revisions"}],"wp:featuredmedia":[{"embeddable":true,"href":"https:\/\/amanecerhuasteco.com\/portal\/wp-json\/wp\/v2\/media\/2406"}],"wp:attachment":[{"href":"https:\/\/amanecerhuasteco.com\/portal\/wp-json\/wp\/v2\/media?parent=2407"}],"wp:term":[{"taxonomy":"category","embeddable":true,"href":"https:\/\/amanecerhuasteco.com\/portal\/wp-json\/wp\/v2\/categories?post=2407"},{"taxonomy":"post_tag","embeddable":true,"href":"https:\/\/amanecerhuasteco.com\/portal\/wp-json\/wp\/v2\/tags?post=2407"}],"curies":[{"name":"wp","href":"https:\/\/api.w.org\/{rel}","templated":true}]}}