{"id":2418,"date":"2012-11-24T18:42:17","date_gmt":"2012-11-25T00:42:17","guid":{"rendered":"http:\/\/amanecerhuasteco.com\/portal\/2012\/11\/24\/celebra-ceepac-dos-decadas\/"},"modified":"2012-11-24T18:42:17","modified_gmt":"2012-11-25T00:42:17","slug":"celebra-ceepac-dos-decadas","status":"publish","type":"post","link":"https:\/\/amanecerhuasteco.com\/portal\/celebra-ceepac-dos-decadas\/","title":{"rendered":"CELEBRA CEEPAC DOS D\u00c9CADAS"},"content":{"rendered":"<div style=\"text-align: justify\"><strong>Reconocen trayectoria electoral de Eduardo Carrera \u00a0Guill\u00e9n<\/strong><\/div>\n<div style=\"text-align: justify\">En el marco de la celebraci\u00f3n de Dos d\u00e9cadas de Ciudadanizaci\u00f3n del Consejo Estatal Electoral y de Participaci\u00f3n Ciudadana (CEEPAC), el presidente del organismo electoral, Jos\u00e9 Mart\u00edn V\u00e1zquez V\u00e1zquez, exhort\u00f3 a todos los sectores de la sociedad a participar en el impulso de una reforma que profundice en asignaturas pendientes, entre ellas la vinculaci\u00f3n entre instituciones, partidos pol\u00edticos y ciudadan\u00eda.<\/div>\n<div style=\"text-align: justify\"><\/div>\n<div style=\"text-align: justify\">En el evento celebrado hoy por la ma\u00f1ana en el Colegio de San Luis, el presidente consejero, entreg\u00f3 un reconocimiento a la trayectoria de m\u00e1s de veinte a\u00f1os de experiencia en el CEEPAC del Licenciado, Eduardo Carrera Guill\u00e9n, quien desde 1985 y hasta la creaci\u00f3n del organismo ciudadano en 1992 fungi\u00f3 como secretario t\u00e9cnico y a la fecha se ha desempe\u00f1ado como un funcionario distinguido y comprometido con la democracia en San Luis Potos\u00ed.<\/div>\n<div style=\"text-align: justify\"><\/div>\n<div style=\"text-align: justify\">A veinte a\u00f1os de creaci\u00f3n del organismo electoral ciudadano, V\u00e1zquez V\u00e1zquez, destac\u00f3 que el CEEPAC se ha constituido como un organismo aut\u00f3nomo y<span style=\"white-space: pre\" class=\"Apple-tab-span\">\t<\/span> confiable. \u201cHoy, se cumplen 20 a\u00f1os de experiencias electorales vividas que nos deben servir para hacer un alto en el camino y \u00a0reflexionar sobre el tipo de instituci\u00f3n que queremos para el futuro\u201d.<\/div>\n<div style=\"text-align: justify\"><\/div>\n<div style=\"text-align: justify\">Invit\u00f3 a todos los sectores de la sociedad: ciudadanos, partidos pol\u00edticos, empresarios y medios de comunicaci\u00f3n, y sobre todo a los legisladores locales electos, a participar activamente en el impulso de una \u00a0reforma electoral que vaya a fondo. Una reforma que plantee cambios no solamente para el Consejo, sino para los Tribunales Electorales.\u00a0<\/div>\n<div style=\"text-align: justify\"><\/div>\n<div style=\"text-align: justify\">\u201cLos invito pues a replantear el tipo de instituci\u00f3n que queremos, hacia donde queremos avanzar, si buscamos la profesionalizaci\u00f3n, pero sin perder el esp\u00edritu ciudadano que dio inicio a esta instituci\u00f3n\u201d, subray\u00f3.<\/div>\n<div style=\"text-align: justify\"><\/div>\n<div style=\"text-align: justify\">Realiz\u00f3 una invitaci\u00f3n tambi\u00e9n a opinar desde estos momentos respecto a los cambios que deben incluirse en la reforma electoral, a fin de que sean los ciudadanos los que opinen sobre asignaturas pendientes, entre las que destac\u00f3 la vinculaci\u00f3n entre los partidos pol\u00edticos y ciudadan\u00eda, a trav\u00e9s de las candidaturas independientes o tambi\u00e9n llamadas candidaturas ciudadanas.<\/div>\n<div style=\"text-align: justify\"><\/div>\n<div style=\"text-align: justify\">Para cumplir con este prop\u00f3sito de recabar opiniones ciudadanas en torno a la propuesta de reforma que presentar\u00e1 el Consejo Estatal Electoral al Congreso del Estado, el consejero ciudadano, Cosme Robledo G\u00f3mez, present\u00f3 una aplicaci\u00f3n en l\u00ednea en la que los ciudadanos interesados tendr\u00e1n la posibilidad de formular propuestas de modificaci\u00f3n a la Ley Electoral.<\/div>\n<div style=\"text-align: justify\"><\/div>\n<div style=\"text-align: justify\">Dijo que en breve el CEEPAC lanzar\u00e1 esta publicaci\u00f3n en su p\u00e1gina web para iniciar con la consulta a la ciudadan\u00eda.<\/div>\n","protected":false},"excerpt":{"rendered":"<p>Reconocen trayectoria electoral de Eduardo Carrera \u00a0Guill\u00e9n En el marco de la celebraci\u00f3n de Dos d\u00e9cadas de Ciudadanizaci\u00f3n del Consejo Estatal Electoral y de Participaci\u00f3n Ciudadana (CEEPAC), el presidente del organismo electoral, Jos\u00e9 Mart\u00edn V\u00e1zquez V\u00e1zquez, exhort\u00f3 a todos los sectores de la sociedad a &hellip; <\/p>\n","protected":false},"author":1,"featured_media":17874,"comment_status":"open","ping_status":"open","sticky":false,"template":"","format":"standard","meta":{"footnotes":""},"categories":[11],"tags":[],"class_list":["post-2418","post","type-post","status-publish","format-standard","has-post-thumbnail","hentry","category-estado"],"_links":{"self":[{"href":"https:\/\/amanecerhuasteco.com\/portal\/wp-json\/wp\/v2\/posts\/2418","targetHints":{"allow":["GET"]}}],"collection":[{"href":"https:\/\/amanecerhuasteco.com\/portal\/wp-json\/wp\/v2\/posts"}],"about":[{"href":"https:\/\/amanecerhuasteco.com\/portal\/wp-json\/wp\/v2\/types\/post"}],"author":[{"embeddable":true,"href":"https:\/\/amanecerhuasteco.com\/portal\/wp-json\/wp\/v2\/users\/1"}],"replies":[{"embeddable":true,"href":"https:\/\/amanecerhuasteco.com\/portal\/wp-json\/wp\/v2\/comments?post=2418"}],"version-history":[{"count":0,"href":"https:\/\/amanecerhuasteco.com\/portal\/wp-json\/wp\/v2\/posts\/2418\/revisions"}],"wp:featuredmedia":[{"embeddable":true,"href":"https:\/\/amanecerhuasteco.com\/portal\/wp-json\/wp\/v2\/media\/17874"}],"wp:attachment":[{"href":"https:\/\/amanecerhuasteco.com\/portal\/wp-json\/wp\/v2\/media?parent=2418"}],"wp:term":[{"taxonomy":"category","embeddable":true,"href":"https:\/\/amanecerhuasteco.com\/portal\/wp-json\/wp\/v2\/categories?post=2418"},{"taxonomy":"post_tag","embeddable":true,"href":"https:\/\/amanecerhuasteco.com\/portal\/wp-json\/wp\/v2\/tags?post=2418"}],"curies":[{"name":"wp","href":"https:\/\/api.w.org\/{rel}","templated":true}]}}