{"id":2422,"date":"2012-11-24T18:45:20","date_gmt":"2012-11-25T00:45:20","guid":{"rendered":"http:\/\/amanecerhuasteco.com\/portal\/2012\/11\/24\/descartan-riesgo-de-emisiones-por-industria-potosina\/"},"modified":"2012-11-24T18:45:20","modified_gmt":"2012-11-25T00:45:20","slug":"descartan-riesgo-de-emisiones-por-industria-potosina","status":"publish","type":"post","link":"https:\/\/amanecerhuasteco.com\/portal\/descartan-riesgo-de-emisiones-por-industria-potosina\/","title":{"rendered":"DESCARTAN RIESGO DE EMISIONES POR INDUSTRIA POTOSINA"},"content":{"rendered":"<div style=\"text-align: justify\"><strong>&#8211; Se detectaron \u00a0malos olores en drenajes y canales abiertos de aguas negras tanto domiciliarias como las de residuos industriales.<\/strong><\/div>\n<div style=\"text-align: justify\">Las emisiones a la atm\u00f3sfera registradas el pasado fin de semana por parte de la industria potosina de jurisdicci\u00f3n estatal no afect\u00f3 ni puso en riesgo de contingencia ambiental a la capital potosina, pues la situaci\u00f3n, cuyo nivel de emisiones no rebasaron las normas t\u00e9cnicas federales, se reporto oportunamente, por el responsable de la Red de Monitoreo Atmosf\u00e9rico de la Secretar\u00eda de Ecolog\u00eda y Gesti\u00f3n Ambiental a cargo del Ing. David Cortes Lugo.<\/div>\n<div style=\"text-align: justify\"><\/div>\n<div style=\"text-align: justify\">Luego de la reuni\u00f3n de trabajo con Protecci\u00f3n Civil del Estado, Salud, Bomberos, Interapas y PROFEPA, autoridades de todas estas dependencias aseguraron que la situaci\u00f3n en ning\u00fan momento se consider\u00f3 peligrosa, sin embargo se tomaron medidas de control y vigilancia en cada una de sus jurisdicciones.<\/div>\n<div style=\"text-align: justify\"><\/div>\n<div style=\"text-align: justify\">Por parte de las autoridades estatales se reiter\u00f3 el compromiso con la seguridad y cuidado al medio ambiente, as\u00ed como de la protecci\u00f3n de la integridad f\u00edsica de los potosinos, aunque cabe mencionar, que la creciente construcci\u00f3n de fraccionamientos habitacionales alrededor de la industria generara molestias por olores, aunque estos no necesariamente da\u00f1en la salud.<\/div>\n<div style=\"text-align: justify\"><\/div>\n<div style=\"text-align: justify\">\u201cEs primordial para nosotros impulsar medidas preventivas y evitar cualquier tipo de situaciones de otra \u00edndole que pudiera poner en riesgo las instalaciones industriales o a la poblaci\u00f3n\u201d, mencionaron los funcionarios.<\/div>\n<div style=\"text-align: justify\"><\/div>\n<div style=\"text-align: justify\">Explicaron que no se ha registrado violaciones a las Normas seg\u00fan la red de monitoreo autom\u00e1tica con que cuenta la SEGAM, en la cual se le da seguimiento las 24 horas del d\u00eda a la calidad del aire que se tiene en la capital del estado y que detecta ozono, mon\u00f3xido de carbono, \u00f3xidos de nitr\u00f3geno, bi\u00f3xido de azufre o part\u00edculas pm10, que son los par\u00e1metros que mide las estaciones de monitoreo, y que pueden ser vistas d\u00eda a d\u00eda en la p\u00e1gina web del Instituto Nacional de Ecolog\u00eda, www.sinaica.gob.mx<\/div>\n<div style=\"text-align: justify\"><\/div>\n<div style=\"text-align: justify\">De la revisi\u00f3n de los datos arrojados por las estaciones, se detect\u00f3 una temperatura promedio menor a 14 grados y poca o nula velocidad de viento, lo que posiblemente cause la acumulaci\u00f3n del mal olor y la concentraci\u00f3n de contaminantes, as\u00ed mismo se detect\u00f3 una pre contingencia ambiental de 7 a 8 de la ma\u00f1ana en el par\u00e1metro de part\u00edculas o PM10 en todas las estaciones, pero esta es sobre todo por uso excesivo de veh\u00edculos automotor.<\/div>\n<div style=\"text-align: justify\"><\/div>\n<div style=\"text-align: justify\">Las normas aplicables en materia de calidad del aire, que son normas de la Secretaria de Salud para la protecci\u00f3n de la poblaci\u00f3n susceptible, como ni\u00f1os y personas mayores, son la NOM-023-SSA1-1993, y para part\u00edculas la NOM-025-SSA1-1993, normas que no se han visto rebasadas a la fecha.<\/div>\n<div style=\"text-align: justify\"><\/div>\n<div style=\"text-align: justify\">Por lo anterior, se solicito a Interapas \u00a0y al CEA se revisen los drenajes y canales abiertos de aguas negras tanto domiciliarias como las de residuos industriales, pues muchos olores han sido reportados en estos.<\/div>\n","protected":false},"excerpt":{"rendered":"<p>&#8211; Se detectaron \u00a0malos olores en drenajes y canales abiertos de aguas negras tanto domiciliarias como las de residuos industriales. Las emisiones a la atm\u00f3sfera registradas el pasado fin de semana por parte de la industria potosina de jurisdicci\u00f3n estatal no afect\u00f3 ni puso en &hellip; <\/p>\n","protected":false},"author":1,"featured_media":17874,"comment_status":"open","ping_status":"open","sticky":false,"template":"","format":"standard","meta":{"footnotes":""},"categories":[11],"tags":[],"class_list":["post-2422","post","type-post","status-publish","format-standard","has-post-thumbnail","hentry","category-estado"],"_links":{"self":[{"href":"https:\/\/amanecerhuasteco.com\/portal\/wp-json\/wp\/v2\/posts\/2422","targetHints":{"allow":["GET"]}}],"collection":[{"href":"https:\/\/amanecerhuasteco.com\/portal\/wp-json\/wp\/v2\/posts"}],"about":[{"href":"https:\/\/amanecerhuasteco.com\/portal\/wp-json\/wp\/v2\/types\/post"}],"author":[{"embeddable":true,"href":"https:\/\/amanecerhuasteco.com\/portal\/wp-json\/wp\/v2\/users\/1"}],"replies":[{"embeddable":true,"href":"https:\/\/amanecerhuasteco.com\/portal\/wp-json\/wp\/v2\/comments?post=2422"}],"version-history":[{"count":0,"href":"https:\/\/amanecerhuasteco.com\/portal\/wp-json\/wp\/v2\/posts\/2422\/revisions"}],"wp:featuredmedia":[{"embeddable":true,"href":"https:\/\/amanecerhuasteco.com\/portal\/wp-json\/wp\/v2\/media\/17874"}],"wp:attachment":[{"href":"https:\/\/amanecerhuasteco.com\/portal\/wp-json\/wp\/v2\/media?parent=2422"}],"wp:term":[{"taxonomy":"category","embeddable":true,"href":"https:\/\/amanecerhuasteco.com\/portal\/wp-json\/wp\/v2\/categories?post=2422"},{"taxonomy":"post_tag","embeddable":true,"href":"https:\/\/amanecerhuasteco.com\/portal\/wp-json\/wp\/v2\/tags?post=2422"}],"curies":[{"name":"wp","href":"https:\/\/api.w.org\/{rel}","templated":true}]}}