{"id":2425,"date":"2012-11-26T14:20:55","date_gmt":"2012-11-26T20:20:55","guid":{"rendered":"http:\/\/amanecerhuasteco.com\/portal\/2012\/11\/26\/asisten-a-foro-legislativo-funcionarios-del-h-ayuntamiento\/"},"modified":"2012-11-26T14:20:55","modified_gmt":"2012-11-26T20:20:55","slug":"asisten-a-foro-legislativo-funcionarios-del-h-ayuntamiento","status":"publish","type":"post","link":"https:\/\/amanecerhuasteco.com\/portal\/asisten-a-foro-legislativo-funcionarios-del-h-ayuntamiento\/","title":{"rendered":"Asisten a Foro Legislativo Funcionarios del H. Ayuntamiento"},"content":{"rendered":"<div style=\"text-align: justify\"><\/div>\n<div style=\"text-align: justify\">Tamuin S.L.P.-Servidores P\u00fablicos \u00a0a Foro Ciudadano para la Construcci\u00f3n de la Agenda Legislativa 2012-2015, el cual Organizan los Diputados Integrantes del Grupo Parlamentario del Partido Revolucionario Institucional en la Sexag\u00e9sima Legislatura del Estado.<\/div>\n<div style=\"text-align: justify\">En donde adem\u00e1s participaron asociaciones y sociedades civiles, c\u00e1maras empresariales, sindicatos, poderes del Estado y Sociedad en General, aportando las propuestas correspondientes para cada tema, Desarrollo Social, Desarrollo Econ\u00f3mico, Derechos Humanos, Seguridad y Justicia, Desarrollo Rural y Medio Ambiente y Pol\u00edtica y Gobierno.\u00a0<\/div>\n<div style=\"text-align: justify\">Tales propuestas ser\u00e1n evaluadas por los integrantes del Grupo parlamentario y ser\u00e1n seleccionadas las que formaran parte de la Agenda legislativa 2012-2015, bajo la cual se regir\u00e1n los trabajos de la Sexag\u00e9sima Legislatura del Congreso del Estado.<\/div>\n<div style=\"text-align: justify\"><\/div>\n","protected":false},"excerpt":{"rendered":"<p>Tamuin S.L.P.-Servidores P\u00fablicos \u00a0a Foro Ciudadano para la Construcci\u00f3n de la Agenda Legislativa 2012-2015, el cual Organizan los Diputados Integrantes del Grupo Parlamentario del Partido Revolucionario Institucional en la Sexag\u00e9sima Legislatura del Estado. En donde adem\u00e1s participaron asociaciones y sociedades civiles, c\u00e1maras empresariales, sindicatos, poderes &hellip; <\/p>\n","protected":false},"author":1,"featured_media":2424,"comment_status":"open","ping_status":"open","sticky":false,"template":"","format":"standard","meta":{"footnotes":""},"categories":[20],"tags":[],"class_list":["post-2425","post","type-post","status-publish","format-standard","has-post-thumbnail","hentry","category-tamuin"],"_links":{"self":[{"href":"https:\/\/amanecerhuasteco.com\/portal\/wp-json\/wp\/v2\/posts\/2425","targetHints":{"allow":["GET"]}}],"collection":[{"href":"https:\/\/amanecerhuasteco.com\/portal\/wp-json\/wp\/v2\/posts"}],"about":[{"href":"https:\/\/amanecerhuasteco.com\/portal\/wp-json\/wp\/v2\/types\/post"}],"author":[{"embeddable":true,"href":"https:\/\/amanecerhuasteco.com\/portal\/wp-json\/wp\/v2\/users\/1"}],"replies":[{"embeddable":true,"href":"https:\/\/amanecerhuasteco.com\/portal\/wp-json\/wp\/v2\/comments?post=2425"}],"version-history":[{"count":0,"href":"https:\/\/amanecerhuasteco.com\/portal\/wp-json\/wp\/v2\/posts\/2425\/revisions"}],"wp:featuredmedia":[{"embeddable":true,"href":"https:\/\/amanecerhuasteco.com\/portal\/wp-json\/wp\/v2\/media\/2424"}],"wp:attachment":[{"href":"https:\/\/amanecerhuasteco.com\/portal\/wp-json\/wp\/v2\/media?parent=2425"}],"wp:term":[{"taxonomy":"category","embeddable":true,"href":"https:\/\/amanecerhuasteco.com\/portal\/wp-json\/wp\/v2\/categories?post=2425"},{"taxonomy":"post_tag","embeddable":true,"href":"https:\/\/amanecerhuasteco.com\/portal\/wp-json\/wp\/v2\/tags?post=2425"}],"curies":[{"name":"wp","href":"https:\/\/api.w.org\/{rel}","templated":true}]}}