{"id":2426,"date":"2012-11-26T18:53:12","date_gmt":"2012-11-27T00:53:12","guid":{"rendered":"http:\/\/amanecerhuasteco.com\/portal\/2012\/11\/26\/inicia-curso-taller-de-innovacion-de-arreglos-navidenos\/"},"modified":"2012-11-26T18:53:12","modified_gmt":"2012-11-27T00:53:12","slug":"inicia-curso-taller-de-innovacion-de-arreglos-navidenos","status":"publish","type":"post","link":"https:\/\/amanecerhuasteco.com\/portal\/inicia-curso-taller-de-innovacion-de-arreglos-navidenos\/","title":{"rendered":"INICIA CURSO TALLER DE INNOVACI\u00d3N DE ARREGLOS NAVIDE\u00d1OS"},"content":{"rendered":"<div><strong>-El alcalde Lic. Juan Jos\u00e9 Ortiz Azuara clausurara el curso<\/strong><\/div>\n<div style=\"text-align: justify\">Ciudad Valles 26\/11\/12.- El Gobierno Municipal \u00a0y la Direcci\u00f3n de Desarrollo Econ\u00f3mico en coordinaci\u00f3n con la Direcci\u00f3n de Capacitaci\u00f3n para el trabajo, llevar\u00e1 a cabo el curso taller \u201cInnovaci\u00f3n de Arreglos Florales Navide\u00f1os\u201d para el fortalecimiento a la competividad comercial.<\/div>\n<div style=\"text-align: justify\">\u00a0 \u00a0 \u00a0La inauguraci\u00f3n de este evento este \u00a0martes 27 de noviembre en punto de las 9:00 horas en las instalaciones de la \u00a0preparatoria \u201cJuan Jos\u00e9 Ortiz Mazo\u201d, ubicada en Prolongaci\u00f3n Porfirio D\u00edaz en la Zona Centro con la participaci\u00f3n de los Socios de la C\u00e1mara Nacional de Comercio en Peque\u00f1o (CANACOPE); acto seguido se dar\u00e1 inicio el curso.<\/div>\n<div style=\"text-align: justify\">\u00a0 \u00a0El Director de Desarrollo Econ\u00f3mico, \u00a0Bonfilio Pozos Galv\u00e1n indic\u00f3 que oportunamente se convoc\u00f3 a los interesados a esta actividad por lo que ya se encuentra integrado el grupo que recibir\u00e1 la capacitaci\u00f3n y podr\u00e1 con ello ser m\u00e1s competitivo al ofrecer m\u00e1s variedad de arreglos florales navide\u00f1os a sus clientes y con ello tener mayores ventas y mejores ingresos econ\u00f3micos.\u00a0<\/div>\n<div style=\"text-align: justify\">\u00a0 \u00a0 \u00a0 Pozos Galv\u00e1n, dio a conocer que la clausura de este evento estar\u00e1 a cargo del Presidente Municipal, Lic. Juan Jos\u00e9 Ortiz Azuara el pr\u00f3ximo jueves 29 de noviembre en punto de las 12:00 en la misma preparatoria.<\/div>\n<div style=\"text-align: justify\"><\/div>\n","protected":false},"excerpt":{"rendered":"<p>-El alcalde Lic. Juan Jos\u00e9 Ortiz Azuara clausurara el curso Ciudad Valles 26\/11\/12.- El Gobierno Municipal \u00a0y la Direcci\u00f3n de Desarrollo Econ\u00f3mico en coordinaci\u00f3n con la Direcci\u00f3n de Capacitaci\u00f3n para el trabajo, llevar\u00e1 a cabo el curso taller \u201cInnovaci\u00f3n de Arreglos Florales Navide\u00f1os\u201d para el &hellip; <\/p>\n","protected":false},"author":1,"featured_media":17874,"comment_status":"open","ping_status":"open","sticky":false,"template":"","format":"standard","meta":{"footnotes":""},"categories":[7],"tags":[],"class_list":["post-2426","post","type-post","status-publish","format-standard","has-post-thumbnail","hentry","category-ciudad"],"_links":{"self":[{"href":"https:\/\/amanecerhuasteco.com\/portal\/wp-json\/wp\/v2\/posts\/2426","targetHints":{"allow":["GET"]}}],"collection":[{"href":"https:\/\/amanecerhuasteco.com\/portal\/wp-json\/wp\/v2\/posts"}],"about":[{"href":"https:\/\/amanecerhuasteco.com\/portal\/wp-json\/wp\/v2\/types\/post"}],"author":[{"embeddable":true,"href":"https:\/\/amanecerhuasteco.com\/portal\/wp-json\/wp\/v2\/users\/1"}],"replies":[{"embeddable":true,"href":"https:\/\/amanecerhuasteco.com\/portal\/wp-json\/wp\/v2\/comments?post=2426"}],"version-history":[{"count":0,"href":"https:\/\/amanecerhuasteco.com\/portal\/wp-json\/wp\/v2\/posts\/2426\/revisions"}],"wp:featuredmedia":[{"embeddable":true,"href":"https:\/\/amanecerhuasteco.com\/portal\/wp-json\/wp\/v2\/media\/17874"}],"wp:attachment":[{"href":"https:\/\/amanecerhuasteco.com\/portal\/wp-json\/wp\/v2\/media?parent=2426"}],"wp:term":[{"taxonomy":"category","embeddable":true,"href":"https:\/\/amanecerhuasteco.com\/portal\/wp-json\/wp\/v2\/categories?post=2426"},{"taxonomy":"post_tag","embeddable":true,"href":"https:\/\/amanecerhuasteco.com\/portal\/wp-json\/wp\/v2\/tags?post=2426"}],"curies":[{"name":"wp","href":"https:\/\/api.w.org\/{rel}","templated":true}]}}