{"id":2430,"date":"2012-11-27T14:13:49","date_gmt":"2012-11-27T20:13:49","guid":{"rendered":"http:\/\/amanecerhuasteco.com\/portal\/2012\/11\/27\/alcalde-informa-de-las-gestiones-ante-el-estado-y-la-federacion\/"},"modified":"2012-11-27T14:13:49","modified_gmt":"2012-11-27T20:13:49","slug":"alcalde-informa-de-las-gestiones-ante-el-estado-y-la-federacion","status":"publish","type":"post","link":"https:\/\/amanecerhuasteco.com\/portal\/alcalde-informa-de-las-gestiones-ante-el-estado-y-la-federacion\/","title":{"rendered":"ALCALDE INFORMA DE LAS GESTIONES ANTE EL ESTADO Y LA FEDERACION"},"content":{"rendered":"<div style=\"text-align: justify\"><strong>&#8211; Pavimentaci\u00f3n, agua, electricidad, alumbrado p\u00fablico, infraestructura carretera<\/strong><\/div>\n<div style=\"text-align: justify\"><strong>&#8211; En el marco del homenaje, entreg\u00f3 tambi\u00e9n mobiliario escolar<\/strong><\/div>\n<div style=\"text-align: justify\">El Presidente Municipal de Ciudad Valles, Juan Jos\u00e9 Ortiz Azuara, \u00a0inform\u00f3 la ma\u00f1ana de este lunes de \u00a0las gestiones y tr\u00e1mites \u00a0 que ha llevado a cabo en la Ciudad de M\u00e9xico \u00a0 y la capital del estado, con el fin de traer m\u00e1s \u00a0beneficios para los Vallenses en diversos rubros. Lo anterior en el marco del acto c\u00edvico de honores a los s\u00edmbolos patrios que estuvo a cargo de la Secundaria Federal numero 3.<\/div>\n<div style=\"text-align: justify\"><\/div>\n<div style=\"text-align: justify\">El Jefe de la Comuna Vallense, despu\u00e9s de dialogar con los afectados por el problema de la cartera vendida del Infonavit, ofrecerles su respaldo y apoyo jur\u00eddico en tanto se avanza en la firma de un convenio para solucionar esta situaci\u00f3n, dijo confiar en que a partir de enero comiencen a verse los resultados de sus tr\u00e1mites en materia de concreto hidr\u00e1ulico y terracer\u00eda para algunos puntos de la zona rural y 2 \u00f3 3 opciones para abastecimiento de agua para la zona urbana.<\/div>\n<div style=\"text-align: justify\"><\/div>\n<div style=\"text-align: justify\">En lo que respecta al alumbrado p\u00fablico, indic\u00f3 que est\u00e1n por venir a la localidad dos compa\u00f1\u00edas que solicitar\u00e1n la autorizaci\u00f3n del cabildo para cambiar las 12 mil \u00a0luminarias por unas economizadoras de energ\u00eda el\u00e9ctrica, que le ahorrar\u00e1n al municipio de 3 a 4 millones de pesos al a\u00f1o. Esta propuesta, dijo, ser\u00e1 analizada por Obras P\u00fablicas y ya est\u00e1 aprobada por la Comisi\u00f3n Federal de Electricidad.<\/div>\n<div style=\"text-align: justify\"><\/div>\n<div style=\"text-align: justify\">Dijo que tambi\u00e9n se presentar\u00e1 ante Cabildo las compa\u00f1\u00edas que producen energ\u00eda y fabrican block a base de la basura; adem\u00e1s anunci\u00f3 que se gestionan 3 mil casas m\u00e1s para Ciudad Valles en fraccionamientos similar a los del bicentenario o infonavit.<\/div>\n<div style=\"text-align: justify\"><\/div>\n<div style=\"text-align: justify\">El Lic. Ortiz Azuara, se refiri\u00f3 tambi\u00e9n a \u00a0una campa\u00f1a de lentes, micas y armaz\u00f3n con un costo de 35 pesos aproximadamente, adem\u00e1s de la entrega de libros que abordan temas de valores familiares \u00a0en coordinaci\u00f3n con Fundaci\u00f3n Televisa.<\/div>\n<div style=\"text-align: justify\"><\/div>\n<div style=\"text-align: justify\">A PEMEX, dijo que se le hicieron propuestas importantes y ambiciosas entre ellas cit\u00f3 diesel, tuber\u00eda, asfalto, entre otras.<\/div>\n<div style=\"text-align: justify\"><\/div>\n<div style=\"text-align: justify\">Por \u00faltimo, se refiri\u00f3 al cambio de Presidente de la Naci\u00f3n, y dijo descartar aspectos negativos para nuestra ciudad, por ello, cit\u00f3 que hay buenas expectativas, que los diputados todos est\u00e1n apoyando a Valles y que se prev\u00e9 que las partidas econ\u00f3micas para estados y municipios aumenten en la nueva administraci\u00f3n federal; en tanto que en su gobierno, las cosas avanzan y los funcionaros se acoplan y atiendan con mayor eficiencia las demandas de los Vallenses.<\/div>\n<div style=\"text-align: justify\"><\/div>\n<div style=\"text-align: justify\">En este mismo d\u00eda el Alcalde Ortiz Azuara entreg\u00f3 mobiliario escolar para la Secundaria T\u00e9cnica n\u00famero 16, consistente en 1 pintarr\u00f3n, 1 mesa para maestro y 25 mesas para alumnos.<\/div>\n<div style=\"text-align: justify\"><\/div>\n","protected":false},"excerpt":{"rendered":"<p>&#8211; Pavimentaci\u00f3n, agua, electricidad, alumbrado p\u00fablico, infraestructura carretera &#8211; En el marco del homenaje, entreg\u00f3 tambi\u00e9n mobiliario escolar El Presidente Municipal de Ciudad Valles, Juan Jos\u00e9 Ortiz Azuara, \u00a0inform\u00f3 la ma\u00f1ana de este lunes de \u00a0las gestiones y tr\u00e1mites \u00a0 que ha llevado a cabo &hellip; <\/p>\n","protected":false},"author":1,"featured_media":17874,"comment_status":"open","ping_status":"open","sticky":false,"template":"","format":"standard","meta":{"footnotes":""},"categories":[4],"tags":[],"class_list":["post-2430","post","type-post","status-publish","format-standard","has-post-thumbnail","hentry","category-inicio"],"_links":{"self":[{"href":"https:\/\/amanecerhuasteco.com\/portal\/wp-json\/wp\/v2\/posts\/2430","targetHints":{"allow":["GET"]}}],"collection":[{"href":"https:\/\/amanecerhuasteco.com\/portal\/wp-json\/wp\/v2\/posts"}],"about":[{"href":"https:\/\/amanecerhuasteco.com\/portal\/wp-json\/wp\/v2\/types\/post"}],"author":[{"embeddable":true,"href":"https:\/\/amanecerhuasteco.com\/portal\/wp-json\/wp\/v2\/users\/1"}],"replies":[{"embeddable":true,"href":"https:\/\/amanecerhuasteco.com\/portal\/wp-json\/wp\/v2\/comments?post=2430"}],"version-history":[{"count":0,"href":"https:\/\/amanecerhuasteco.com\/portal\/wp-json\/wp\/v2\/posts\/2430\/revisions"}],"wp:featuredmedia":[{"embeddable":true,"href":"https:\/\/amanecerhuasteco.com\/portal\/wp-json\/wp\/v2\/media\/17874"}],"wp:attachment":[{"href":"https:\/\/amanecerhuasteco.com\/portal\/wp-json\/wp\/v2\/media?parent=2430"}],"wp:term":[{"taxonomy":"category","embeddable":true,"href":"https:\/\/amanecerhuasteco.com\/portal\/wp-json\/wp\/v2\/categories?post=2430"},{"taxonomy":"post_tag","embeddable":true,"href":"https:\/\/amanecerhuasteco.com\/portal\/wp-json\/wp\/v2\/tags?post=2430"}],"curies":[{"name":"wp","href":"https:\/\/api.w.org\/{rel}","templated":true}]}}