{"id":2438,"date":"2012-11-29T14:33:20","date_gmt":"2012-11-29T20:33:20","guid":{"rendered":"http:\/\/amanecerhuasteco.com\/portal\/2012\/11\/29\/se-desmorona-el-prd-en-valles-renuncian-para-migrar-a-morena\/"},"modified":"2012-11-29T14:33:20","modified_gmt":"2012-11-29T20:33:20","slug":"se-desmorona-el-prd-en-valles-renuncian-para-migrar-a-morena","status":"publish","type":"post","link":"https:\/\/amanecerhuasteco.com\/portal\/se-desmorona-el-prd-en-valles-renuncian-para-migrar-a-morena\/","title":{"rendered":"SE DESMORONA EL PRD  EN VALLES, RENUNCIAN PARA MIGRAR A \u201cMORENA\u201d"},"content":{"rendered":"<div style=\"text-align: justify\"><strong>.- Se queda otra vez \u00a0sin dirigente el comit\u00e9 municipal.<\/strong><\/div>\n<div style=\"text-align: justify\">Ciudad Valles S.L.P. 28\/11\/12.- A principios de semana decenas de perredistas de Valles y la Huasteca, oficializaron sus renuncias al partido del \u00a0Sol Azteca, la raz\u00f3n es que migrar\u00e1n al nuevo partido pol\u00edtico MORENA.<\/div>\n<div style=\"text-align: justify\">\u00a0 \u00a0 \u00a0De hecho ya hay hasta propuestas para integrar \u00a0en Valles el comit\u00e9 municipal, solo esperan la convocatoria correspondiente, encabeza la lista de ciudadanos que renuncian al PRD Ricardo del Sol Estrada, con copia de su renuncia en mano expres\u00f3 que abandonar\u00e1n al sol Azteca cansados de tantas piller\u00edas y tranzas que los dirigentes.<\/div>\n<div style=\"text-align: justify\">\u00a0 \u00a0 Relato que en el Estado hicieron en la pasada contienda pol\u00edtica, vendieron o negociaron posiciones al mejor postor, otros solo utilizaron al partido para posicionarse sin dar ninguna respuesta a las bases que trabajaron y votaron por ellos, \u00a0cit\u00f3 el ejemplo del actual dirigente estatal Guadalupe Zamora Mar\u00edn de pisotear los derechos pol\u00edticos de los militantes en su af\u00e1n de obtener beneficios personales.<\/div>\n<div style=\"text-align: justify\">\u00a0 \u00a0 \u00a0 Puntualizo, \u201cya se esperaba el desmoronamiento del PRD\u201d \u00a0no solo en Valles, sino en todo el estado \u2013 dice del Sol \u2013 pasar\u00e1n a MORENA, inclusive \u00a0ya hay hasta una propuesta para integrar el comit\u00e9 municipal de Valles llevando como presidente al profesor Doroteo D\u00edaz Gal\u00edndez\u201d<\/div>\n","protected":false},"excerpt":{"rendered":"<p>.- Se queda otra vez \u00a0sin dirigente el comit\u00e9 municipal. Ciudad Valles S.L.P. 28\/11\/12.- A principios de semana decenas de perredistas de Valles y la Huasteca, oficializaron sus renuncias al partido del \u00a0Sol Azteca, la raz\u00f3n es que migrar\u00e1n al nuevo partido pol\u00edtico MORENA. \u00a0 &hellip; <\/p>\n","protected":false},"author":1,"featured_media":17874,"comment_status":"open","ping_status":"open","sticky":false,"template":"","format":"standard","meta":{"footnotes":""},"categories":[7],"tags":[],"class_list":["post-2438","post","type-post","status-publish","format-standard","has-post-thumbnail","hentry","category-ciudad"],"_links":{"self":[{"href":"https:\/\/amanecerhuasteco.com\/portal\/wp-json\/wp\/v2\/posts\/2438","targetHints":{"allow":["GET"]}}],"collection":[{"href":"https:\/\/amanecerhuasteco.com\/portal\/wp-json\/wp\/v2\/posts"}],"about":[{"href":"https:\/\/amanecerhuasteco.com\/portal\/wp-json\/wp\/v2\/types\/post"}],"author":[{"embeddable":true,"href":"https:\/\/amanecerhuasteco.com\/portal\/wp-json\/wp\/v2\/users\/1"}],"replies":[{"embeddable":true,"href":"https:\/\/amanecerhuasteco.com\/portal\/wp-json\/wp\/v2\/comments?post=2438"}],"version-history":[{"count":0,"href":"https:\/\/amanecerhuasteco.com\/portal\/wp-json\/wp\/v2\/posts\/2438\/revisions"}],"wp:featuredmedia":[{"embeddable":true,"href":"https:\/\/amanecerhuasteco.com\/portal\/wp-json\/wp\/v2\/media\/17874"}],"wp:attachment":[{"href":"https:\/\/amanecerhuasteco.com\/portal\/wp-json\/wp\/v2\/media?parent=2438"}],"wp:term":[{"taxonomy":"category","embeddable":true,"href":"https:\/\/amanecerhuasteco.com\/portal\/wp-json\/wp\/v2\/categories?post=2438"},{"taxonomy":"post_tag","embeddable":true,"href":"https:\/\/amanecerhuasteco.com\/portal\/wp-json\/wp\/v2\/tags?post=2438"}],"curies":[{"name":"wp","href":"https:\/\/api.w.org\/{rel}","templated":true}]}}