{"id":2442,"date":"2012-11-29T14:44:22","date_gmt":"2012-11-29T20:44:22","guid":{"rendered":"http:\/\/amanecerhuasteco.com\/portal\/2012\/11\/29\/dif-organiza-baile-para-recaudar-fondos-economicos\/"},"modified":"2012-11-29T14:44:22","modified_gmt":"2012-11-29T20:44:22","slug":"dif-organiza-baile-para-recaudar-fondos-economicos","status":"publish","type":"post","link":"https:\/\/amanecerhuasteco.com\/portal\/dif-organiza-baile-para-recaudar-fondos-economicos\/","title":{"rendered":"DIF ORGANIZA BAILE PARA RECAUDAR FONDOS ECONOMICOS"},"content":{"rendered":"<div style=\"text-align: right\"><strong>&#8211; Los recursos ser\u00e1n utilizados para adquirir aparatos para discapacitados<\/strong><\/div>\n<div style=\"text-align: justify\">Tamuin S.L.P. 28\/11\/12.- con el prop\u00f3sito de reunir fondos econ\u00f3micos que permita al Sistema Municipal del Desarrollo Integral de la Familia adquirir aparatos para apoyar a personas con una discapacidad, el pr\u00f3ximo fin de semana se llevar\u00e1 acabo un baile en el parque Ramiro Cuevas.<\/div>\n<div style=\"text-align: justify\">\u00a0 \u00a0 \u00a0Sergio Isidora C\u00e1rdenas, Coordinador Municipal para personas con capacidades diferentes, inform\u00f3, que el pr\u00f3ximo 1 de Diciembre se llevara a cabo un Baile Masivo en el Parque Ramiro Cuevas, con la finalidad de recaudar fondos para el Sistema Municipal para el Desarrollo Integral de la Familia SMDIF.<\/div>\n<div style=\"text-align: justify\">\u00a0 \u00a0 Con el dinero recaudado se programa \u00a0comprar 20 sillas de ruedas, 8 andadores, 5 juegos de muletas, 10 bastones as\u00ed como tambi\u00e9n aparatos auditivos, los cuales ser\u00e1n donados a personas que lo necesitan en el municipio.<\/div>\n<div style=\"text-align: justify\">\u00a0 \u00a0 \u00a0 \u00a0 El baile dar\u00e1 inicio a partir de las 21:00 horas, en el Parque Ramiro Cuevas, Amenizando 3 grupos, \u00a0 Wence y su grupo, Latido del Coraz\u00f3n \u00a0y So\u00f1ador, teniendo un costo en preventa de boletos de $50.00 pesos y en taquilla $60.00. Y podr\u00e1n obtenerlos en las Oficinas del DIF Municipal.<\/div>\n<div style=\"text-align: justify\">\u00a0 \u00a0 \u00a0 Se pide el apoyo de toda la ciudadan\u00eda para que asistan a este evento ya que con su ayuda nosotros podremos ayudar a los que m\u00e1s lo necesitan.<\/div>\n","protected":false},"excerpt":{"rendered":"<p>&#8211; Los recursos ser\u00e1n utilizados para adquirir aparatos para discapacitados Tamuin S.L.P. 28\/11\/12.- con el prop\u00f3sito de reunir fondos econ\u00f3micos que permita al Sistema Municipal del Desarrollo Integral de la Familia adquirir aparatos para apoyar a personas con una discapacidad, el pr\u00f3ximo fin de semana &hellip; <\/p>\n","protected":false},"author":1,"featured_media":17874,"comment_status":"open","ping_status":"open","sticky":false,"template":"","format":"standard","meta":{"footnotes":""},"categories":[20],"tags":[],"class_list":["post-2442","post","type-post","status-publish","format-standard","has-post-thumbnail","hentry","category-tamuin"],"_links":{"self":[{"href":"https:\/\/amanecerhuasteco.com\/portal\/wp-json\/wp\/v2\/posts\/2442","targetHints":{"allow":["GET"]}}],"collection":[{"href":"https:\/\/amanecerhuasteco.com\/portal\/wp-json\/wp\/v2\/posts"}],"about":[{"href":"https:\/\/amanecerhuasteco.com\/portal\/wp-json\/wp\/v2\/types\/post"}],"author":[{"embeddable":true,"href":"https:\/\/amanecerhuasteco.com\/portal\/wp-json\/wp\/v2\/users\/1"}],"replies":[{"embeddable":true,"href":"https:\/\/amanecerhuasteco.com\/portal\/wp-json\/wp\/v2\/comments?post=2442"}],"version-history":[{"count":0,"href":"https:\/\/amanecerhuasteco.com\/portal\/wp-json\/wp\/v2\/posts\/2442\/revisions"}],"wp:featuredmedia":[{"embeddable":true,"href":"https:\/\/amanecerhuasteco.com\/portal\/wp-json\/wp\/v2\/media\/17874"}],"wp:attachment":[{"href":"https:\/\/amanecerhuasteco.com\/portal\/wp-json\/wp\/v2\/media?parent=2442"}],"wp:term":[{"taxonomy":"category","embeddable":true,"href":"https:\/\/amanecerhuasteco.com\/portal\/wp-json\/wp\/v2\/categories?post=2442"},{"taxonomy":"post_tag","embeddable":true,"href":"https:\/\/amanecerhuasteco.com\/portal\/wp-json\/wp\/v2\/tags?post=2442"}],"curies":[{"name":"wp","href":"https:\/\/api.w.org\/{rel}","templated":true}]}}