{"id":2443,"date":"2012-11-29T20:25:15","date_gmt":"2012-11-30T02:25:15","guid":{"rendered":"http:\/\/amanecerhuasteco.com\/portal\/2012\/11\/29\/congreso-del-estado-hara-entrega-de-la-presea-al-merito-plan-de-san-luis-ano-2012\/"},"modified":"2012-11-29T20:25:15","modified_gmt":"2012-11-30T02:25:15","slug":"congreso-del-estado-hara-entrega-de-la-presea-al-merito-plan-de-san-luis-ano-2012","status":"publish","type":"post","link":"https:\/\/amanecerhuasteco.com\/portal\/congreso-del-estado-hara-entrega-de-la-presea-al-merito-plan-de-san-luis-ano-2012\/","title":{"rendered":"Congreso del Estado har\u00e1 entrega de la Presea al M\u00e9rito \u201cPlan de San Luis\u201d a\u00f1o 2012"},"content":{"rendered":"<div style=\"text-align: justify\">San Luis Potos\u00ed 29\/11\/12.- En sesi\u00f3n solemne del Congreso del Estado, se har\u00e1 entrega de la Presea al M\u00e9rito \u201cPlan de San Luis\u201d al Licenciado\u00a0Alejandro Fern\u00e1ndez Montiel en sesi\u00f3n solemne.<\/div>\n<div style=\"text-align: justify\"><\/div>\n<div style=\"text-align: justify\">Esto luego de la aprobaci\u00f3n un\u00e1nime en el pleno del dictamen presentado por la Comisi\u00f3n de Educaci\u00f3n, Cultura, Ciencia y Tecnolog\u00eda que propuso la entrega a Fern\u00e1ndez Montiel por su trabajo altruista, entrega, compromiso, profesionalismo y calidad humana en la fundaci\u00f3n del Instituto para Ciegos y D\u00e9biles Visuales \u201cEzequiel Hern\u00e1ndez Romo\u201d.<\/div>\n<div style=\"text-align: justify\"><\/div>\n<div style=\"text-align: justify\">Alejandro Fern\u00e1ndez Montiel naci\u00f3 el 14 de junio de 1980 en la ciudad de San Luis Potos\u00ed y desde peque\u00f1o desarrollo su sentido altruista, al acompa\u00f1ar a su madre a visitar a los ancianos del asilo Dr. Nicol\u00e1s Aguilar y a los 12 a\u00f1os se desempe\u00f1\u00f3 como maestro de catecismo y realiz\u00f3 servicio social en el Cuerpo de Bomberos.<\/div>\n<div style=\"text-align: justify\"><\/div>\n<div style=\"text-align: justify\">Como resultado de su destacado trabajo, a los 16 a\u00f1os fue nombrado tesorero de la Asociaci\u00f3n Potosina del Deporte para Ciegos y D\u00e9biles Visuales y un a\u00f1o despu\u00e9s Presidente Honorario de la Asociaci\u00f3n Juvenil de Ayuda al Ni\u00f1o y al Discapacitado, A.C.\u00a0<\/div>\n<div style=\"text-align: justify\"><\/div>\n<div style=\"text-align: justify\">En el Instituto para Ciegos y D\u00e9biles Visuales han sido beneficiados m\u00e1s de 300 ni\u00f1os y j\u00f3venes de todo el pa\u00eds. Actualmente ah\u00ed se atiende a 65 alumnos, 27 de los cuales son internos.<\/div>\n<div style=\"text-align: justify\"><\/div>\n<div style=\"text-align: justify\">Dentro de su preparaci\u00f3n profesional, Alejandro curs\u00f3 la licenciatura en Derecho en la Universidad Cuauht\u00e9moc y la carrera de Educaci\u00f3n Especial, con especialidad en ceguera y debilidad visual en la Escuela Normal de Estudios Superiores del Magisterio Potosino donde tambi\u00e9n fungi\u00f3 como catedr\u00e1tico.<\/div>\n<div style=\"text-align: justify\"><\/div>\n<div style=\"text-align: justify\">Con apenas 32 a\u00f1os de edad, Alejandro Fern\u00e1ndez Montiel ha dedicado m\u00e1s de la mitad de su vida al servicio a los dem\u00e1s, trabajando de manera voluntaria en favor de las personas con capacidades diferentes, particularmente, de quienes padecen de ceguera o debilidad visual.\u00a0<\/div>\n<div style=\"text-align: justify\"><\/div>\n<div style=\"text-align: justify\">La sesi\u00f3n solemne se llevar\u00e1 a cabo a partir de las 10:00 horas en sal\u00f3n de pleno \u201cPonciano Arriaga Leija\u201d.<\/div>\n","protected":false},"excerpt":{"rendered":"<p>San Luis Potos\u00ed 29\/11\/12.- En sesi\u00f3n solemne del Congreso del Estado, se har\u00e1 entrega de la Presea al M\u00e9rito \u201cPlan de San Luis\u201d al Licenciado\u00a0Alejandro Fern\u00e1ndez Montiel en sesi\u00f3n solemne. Esto luego de la aprobaci\u00f3n un\u00e1nime en el pleno del dictamen presentado por la Comisi\u00f3n &hellip; <\/p>\n","protected":false},"author":1,"featured_media":17874,"comment_status":"open","ping_status":"open","sticky":false,"template":"","format":"standard","meta":{"footnotes":""},"categories":[11],"tags":[],"class_list":["post-2443","post","type-post","status-publish","format-standard","has-post-thumbnail","hentry","category-estado"],"_links":{"self":[{"href":"https:\/\/amanecerhuasteco.com\/portal\/wp-json\/wp\/v2\/posts\/2443","targetHints":{"allow":["GET"]}}],"collection":[{"href":"https:\/\/amanecerhuasteco.com\/portal\/wp-json\/wp\/v2\/posts"}],"about":[{"href":"https:\/\/amanecerhuasteco.com\/portal\/wp-json\/wp\/v2\/types\/post"}],"author":[{"embeddable":true,"href":"https:\/\/amanecerhuasteco.com\/portal\/wp-json\/wp\/v2\/users\/1"}],"replies":[{"embeddable":true,"href":"https:\/\/amanecerhuasteco.com\/portal\/wp-json\/wp\/v2\/comments?post=2443"}],"version-history":[{"count":0,"href":"https:\/\/amanecerhuasteco.com\/portal\/wp-json\/wp\/v2\/posts\/2443\/revisions"}],"wp:featuredmedia":[{"embeddable":true,"href":"https:\/\/amanecerhuasteco.com\/portal\/wp-json\/wp\/v2\/media\/17874"}],"wp:attachment":[{"href":"https:\/\/amanecerhuasteco.com\/portal\/wp-json\/wp\/v2\/media?parent=2443"}],"wp:term":[{"taxonomy":"category","embeddable":true,"href":"https:\/\/amanecerhuasteco.com\/portal\/wp-json\/wp\/v2\/categories?post=2443"},{"taxonomy":"post_tag","embeddable":true,"href":"https:\/\/amanecerhuasteco.com\/portal\/wp-json\/wp\/v2\/tags?post=2443"}],"curies":[{"name":"wp","href":"https:\/\/api.w.org\/{rel}","templated":true}]}}