{"id":2446,"date":"2012-11-30T16:30:52","date_gmt":"2012-11-30T22:30:52","guid":{"rendered":"http:\/\/amanecerhuasteco.com\/portal\/2012\/11\/30\/suspenden-clases-en-escuelas-por-toma-de-posesion-de-pena-nieto\/"},"modified":"2012-11-30T16:30:52","modified_gmt":"2012-11-30T22:30:52","slug":"suspenden-clases-en-escuelas-por-toma-de-posesion-de-pena-nieto","status":"publish","type":"post","link":"https:\/\/amanecerhuasteco.com\/portal\/suspenden-clases-en-escuelas-por-toma-de-posesion-de-pena-nieto\/","title":{"rendered":"SUSPENDEN CLASES EN ESCUELAS POR TOMA DE POSESI\u00d3N DE PE\u00d1A NIETO"},"content":{"rendered":"<div style=\"text-align: justify\">Aduciendo que \u00a0es d\u00eda inh\u00e1bil el 1 de diciembre de cada seis a\u00f1os de \u201cacuerdo con la Ley\u201d parte del magisterio federal anticipa el d\u00eda para el viernes 30, en contraparte las autoridades de la URSE informan a trav\u00e9s de un vocero, que oficialmente se establece la fecha indicada pero en este caso es s\u00e1bado, este VIERNES HAY CLASES.<\/div>\n<div style=\"text-align: justify\">\u00a0 \u00a0 \u00a0 \u00a0La informaci\u00f3n se genera entre los padres de familia que desde el jueves los ni\u00f1os fueron informados en sus aulas, la suspensi\u00f3n de actividades, para reanudarse el lunes pr\u00f3ximo, aducen la raz\u00f3n la toma de posesi\u00f3n del nuevo Presidente de la Rep\u00fablica Enrique Pe\u00f1a Nieto, considerado en la Ley como d\u00eda de asueto para la burocracia en particular y trabajadores en general.<\/div>\n<div style=\"text-align: justify\">\u00a0 \u00a0 \u00a0En esta ciudad, alumnos de las escuelas \u201cAdolfo L\u00f3pez Mateos\u201d de la colonia Doracely \u00a0y \u201cConstituyentes\u201d \u00a0de la Colonia Vergel \u00a0y de otras, los mentores \u00a0informaron a sus alumnos la suspensi\u00f3n de actividades educativas este viernes.<\/div>\n<div style=\"text-align: justify\">\u00a0 \u00a0 \u00a0 Hasta la tarde del jueves hab\u00eda confusi\u00f3n debido a que el informante de la URSE esperaba que el titular Federico Carranza hiciera el anuncio oficial si se \u201cdescansa el 30 de noviembre al caer en s\u00e1bado el 1 de diciembre\u201d<\/div>\n","protected":false},"excerpt":{"rendered":"<p>Aduciendo que \u00a0es d\u00eda inh\u00e1bil el 1 de diciembre de cada seis a\u00f1os de \u201cacuerdo con la Ley\u201d parte del magisterio federal anticipa el d\u00eda para el viernes 30, en contraparte las autoridades de la URSE informan a trav\u00e9s de un vocero, que oficialmente se &hellip; <\/p>\n","protected":false},"author":1,"featured_media":17874,"comment_status":"open","ping_status":"open","sticky":false,"template":"","format":"standard","meta":{"footnotes":""},"categories":[11],"tags":[],"class_list":["post-2446","post","type-post","status-publish","format-standard","has-post-thumbnail","hentry","category-estado"],"_links":{"self":[{"href":"https:\/\/amanecerhuasteco.com\/portal\/wp-json\/wp\/v2\/posts\/2446","targetHints":{"allow":["GET"]}}],"collection":[{"href":"https:\/\/amanecerhuasteco.com\/portal\/wp-json\/wp\/v2\/posts"}],"about":[{"href":"https:\/\/amanecerhuasteco.com\/portal\/wp-json\/wp\/v2\/types\/post"}],"author":[{"embeddable":true,"href":"https:\/\/amanecerhuasteco.com\/portal\/wp-json\/wp\/v2\/users\/1"}],"replies":[{"embeddable":true,"href":"https:\/\/amanecerhuasteco.com\/portal\/wp-json\/wp\/v2\/comments?post=2446"}],"version-history":[{"count":0,"href":"https:\/\/amanecerhuasteco.com\/portal\/wp-json\/wp\/v2\/posts\/2446\/revisions"}],"wp:featuredmedia":[{"embeddable":true,"href":"https:\/\/amanecerhuasteco.com\/portal\/wp-json\/wp\/v2\/media\/17874"}],"wp:attachment":[{"href":"https:\/\/amanecerhuasteco.com\/portal\/wp-json\/wp\/v2\/media?parent=2446"}],"wp:term":[{"taxonomy":"category","embeddable":true,"href":"https:\/\/amanecerhuasteco.com\/portal\/wp-json\/wp\/v2\/categories?post=2446"},{"taxonomy":"post_tag","embeddable":true,"href":"https:\/\/amanecerhuasteco.com\/portal\/wp-json\/wp\/v2\/tags?post=2446"}],"curies":[{"name":"wp","href":"https:\/\/api.w.org\/{rel}","templated":true}]}}