{"id":2448,"date":"2012-11-30T17:03:26","date_gmt":"2012-11-30T23:03:26","guid":{"rendered":"http:\/\/amanecerhuasteco.com\/portal\/2012\/11\/30\/conforman-el-nuevo-concejo-municipal-de-transporte-publico\/"},"modified":"2012-11-30T17:03:26","modified_gmt":"2012-11-30T23:03:26","slug":"conforman-el-nuevo-concejo-municipal-de-transporte-publico","status":"publish","type":"post","link":"https:\/\/amanecerhuasteco.com\/portal\/conforman-el-nuevo-concejo-municipal-de-transporte-publico\/","title":{"rendered":"CONFORMAN EL NUEVO CONCEJO MUNICIPAL DE TRANSPORTE P\u00daBLICO"},"content":{"rendered":"<div style=\"text-align: justify\">\u00a0<\/div>\n<div style=\"text-align: justify\"><strong>&#8211;\u00a0Conforme al marco legal y para analizar las condiciones del servicio.<\/strong><\/div>\n<div style=\"text-align: justify\">El Alcalde, Lic. Juan Jos\u00e9 Ortiz Azuara presidi\u00f3 esta tarde la \u00a0reuni\u00f3n de Conformaci\u00f3n del Concejo Municipal de Transporte P\u00fablico, que por su investidura corresponde a \u00e9l presidir y que tiene, \u00a0entre sus objetivos, analizar permanentemente las condiciones del Servicio de Transporte P\u00fablico en todas sus \u00a0modalidades \u00a0en el \u00e1mbito local; lo anterior en presencia del Secretario de Comunicaciones y Transportes en el Estado, Octavio Arredondo Mata.<\/div>\n<div style=\"text-align: justify\"><\/div>\n<p><img decoding=\"async\" src=\"images\/stories\/-nov2012\/consejo2.jpg\" border=\"0\" alt=\"CONFORMAN EL NUEVO CONCEJO MUNICIPAL DE TRANSPORTE P\u00daBLICO\" title=\"CONFORMAN EL NUEVO CONCEJO MUNICIPAL DE TRANSPORTE P\u00daBLICO\" align=\"right\" \/><\/p>\n<div style=\"text-align: justify\">Conforman tambi\u00e9n este Concejo, Gilberto Almend\u00e1rez Mar\u00edn, como Secretario T\u00e9cnico, los Regidores de la Comisi\u00f3n de Transporte, Roberto Rosas Brise\u00f1o, Humberto Garc\u00eda Rocha y el Delegado de Comunicaciones y Transportes en la Huasteca Lic. Margarito Manilla Garc\u00eda, adem\u00e1s de los Vocales del mismo organismo, quienes rindieron \u00a0protesta \u00a0y se comprometieron a trabajar, sum\u00e1ndose al objetivo primordial de proponer programas, estudios y acciones de car\u00e1cter t\u00e9cnico y financiero para mejorar la prestaci\u00f3n del servicio, crear, modificar y ampliar rutas de transporte p\u00fablico; opinar sobre la adecuaci\u00f3n de las tarifas del servicio en funci\u00f3n de su calidad, costo y rentabilidad.<\/div>\n<div style=\"text-align: justify\"><\/div>\n<div style=\"text-align: justify\">Ortiz Azuara se refiri\u00f3 a la integraci\u00f3n \u00a0del Concejo, \u00a0y a quienes lo conforman a desempe\u00f1arse con toda responsabilidad y en beneficio de la ciudadan\u00eda; resaltando que en Ciudad Valles, el Ayuntamiento se ha preocupado por tratar de mejorar la vialidad y el uso de la v\u00eda p\u00fablica para que los habitantes tengan un mejor estilo de vida; lo anterior tras resaltar que en el municipio \u00a0el problema del transporte se manifiesta permanentemente por factores como el crecimiento urbano desorganizado y el aumento del uso del autom\u00f3vil.<\/div>\n<div style=\"text-align: justify\"><\/div>\n<div style=\"text-align: justify\">El Concejo Municipal del Transporte se integr\u00f3 en base al art\u00edculo 115 constitucional, as\u00ed como al art\u00edculo 125 de la Ley de Transporte P\u00fablico del Estado.<\/div>\n","protected":false},"excerpt":{"rendered":"<p>\u00a0 &#8211;\u00a0Conforme al marco legal y para analizar las condiciones del servicio. El Alcalde, Lic. Juan Jos\u00e9 Ortiz Azuara presidi\u00f3 esta tarde la \u00a0reuni\u00f3n de Conformaci\u00f3n del Concejo Municipal de Transporte P\u00fablico, que por su investidura corresponde a \u00e9l presidir y que tiene, \u00a0entre sus &hellip; <\/p>\n","protected":false},"author":1,"featured_media":2447,"comment_status":"open","ping_status":"open","sticky":false,"template":"","format":"standard","meta":{"footnotes":""},"categories":[7],"tags":[],"class_list":["post-2448","post","type-post","status-publish","format-standard","has-post-thumbnail","hentry","category-ciudad"],"_links":{"self":[{"href":"https:\/\/amanecerhuasteco.com\/portal\/wp-json\/wp\/v2\/posts\/2448","targetHints":{"allow":["GET"]}}],"collection":[{"href":"https:\/\/amanecerhuasteco.com\/portal\/wp-json\/wp\/v2\/posts"}],"about":[{"href":"https:\/\/amanecerhuasteco.com\/portal\/wp-json\/wp\/v2\/types\/post"}],"author":[{"embeddable":true,"href":"https:\/\/amanecerhuasteco.com\/portal\/wp-json\/wp\/v2\/users\/1"}],"replies":[{"embeddable":true,"href":"https:\/\/amanecerhuasteco.com\/portal\/wp-json\/wp\/v2\/comments?post=2448"}],"version-history":[{"count":0,"href":"https:\/\/amanecerhuasteco.com\/portal\/wp-json\/wp\/v2\/posts\/2448\/revisions"}],"wp:featuredmedia":[{"embeddable":true,"href":"https:\/\/amanecerhuasteco.com\/portal\/wp-json\/wp\/v2\/media\/2447"}],"wp:attachment":[{"href":"https:\/\/amanecerhuasteco.com\/portal\/wp-json\/wp\/v2\/media?parent=2448"}],"wp:term":[{"taxonomy":"category","embeddable":true,"href":"https:\/\/amanecerhuasteco.com\/portal\/wp-json\/wp\/v2\/categories?post=2448"},{"taxonomy":"post_tag","embeddable":true,"href":"https:\/\/amanecerhuasteco.com\/portal\/wp-json\/wp\/v2\/tags?post=2448"}],"curies":[{"name":"wp","href":"https:\/\/api.w.org\/{rel}","templated":true}]}}