{"id":2455,"date":"2012-11-30T22:01:07","date_gmt":"2012-12-01T04:01:07","guid":{"rendered":"http:\/\/amanecerhuasteco.com\/portal\/2012\/11\/30\/se-atenderan-necesidades-de-santa-martha-ledezma-cano\/"},"modified":"2012-11-30T22:01:07","modified_gmt":"2012-12-01T04:01:07","slug":"se-atenderan-necesidades-de-santa-martha-ledezma-cano","status":"publish","type":"post","link":"https:\/\/amanecerhuasteco.com\/portal\/se-atenderan-necesidades-de-santa-martha-ledezma-cano\/","title":{"rendered":"SE ATENDERAN NECESIDADES DE SANTA MARTHA: LEDEZMA CANO"},"content":{"rendered":"<div style=\"text-align: justify\">Tamuin 30\/11\/12.- El Alcalde Santiago Ledezma Cano se comprometi\u00f3 a unir esfuerzos con los habitantes del poblado Santa Martha para atender las necesidades mas apremiantes de esta comunidades.<\/div>\n<div style=\"text-align: justify\">\u00a0 \u00a0Luego de sostener una reuni\u00f3n de trabajo en el Nuevo Centro de Poblaci\u00f3n Ejidal Santa Martha, el Presidente Municipal dijo que con imaginaci\u00f3n y disposici\u00f3n de las partes se atender\u00e1n las necesidades mas sentidas, comenzando con el arreglo de calles del poblado.<\/div>\n<div style=\"text-align: justify\">\u00a0 \u00a0Teniendo como testigos regidores y funcionarios, habitantes del poblado expresaron sus necesidades las cuales ser\u00e1n contempladas en el plan de trabajo 2012-2013.<\/div>\n<div style=\"text-align: justify\">Victorio Mart\u00ednez Presidente del Comit\u00e9 de Obras de Santa Martha, mencion\u00f3 que padecen la necesidad de arreglo de calles, \u00a0as\u00ed como del camino Estaci\u00f3n Tamuin- Santa Martha, \u00a0habilitar la Cl\u00ednica de Salud ya que no cuentan con un medico ni medicamento, entre muchas otras necesidades (vivienda, caminos rurales, relleno sanitario, proyectos productivos etc.) \u00a0Que no han permitido el mejor desarrollo del Poblado.\u00a0<\/div>\n<div style=\"text-align: justify\">El alcalde Santiago Ledezma dijo que se pretende conocer a fondo sus necesidades para que sean plasmadas en el plan de trabajo de este gobierno que tiene como principal objetivo lograr el desarrollo de sus comunidades atendiendo sus necesidades.<\/div>\n","protected":false},"excerpt":{"rendered":"<p>Tamuin 30\/11\/12.- El Alcalde Santiago Ledezma Cano se comprometi\u00f3 a unir esfuerzos con los habitantes del poblado Santa Martha para atender las necesidades mas apremiantes de esta comunidades. \u00a0 \u00a0Luego de sostener una reuni\u00f3n de trabajo en el Nuevo Centro de Poblaci\u00f3n Ejidal Santa Martha, &hellip; <\/p>\n","protected":false},"author":1,"featured_media":2454,"comment_status":"open","ping_status":"open","sticky":false,"template":"","format":"standard","meta":{"footnotes":""},"categories":[20],"tags":[],"class_list":["post-2455","post","type-post","status-publish","format-standard","has-post-thumbnail","hentry","category-tamuin"],"_links":{"self":[{"href":"https:\/\/amanecerhuasteco.com\/portal\/wp-json\/wp\/v2\/posts\/2455","targetHints":{"allow":["GET"]}}],"collection":[{"href":"https:\/\/amanecerhuasteco.com\/portal\/wp-json\/wp\/v2\/posts"}],"about":[{"href":"https:\/\/amanecerhuasteco.com\/portal\/wp-json\/wp\/v2\/types\/post"}],"author":[{"embeddable":true,"href":"https:\/\/amanecerhuasteco.com\/portal\/wp-json\/wp\/v2\/users\/1"}],"replies":[{"embeddable":true,"href":"https:\/\/amanecerhuasteco.com\/portal\/wp-json\/wp\/v2\/comments?post=2455"}],"version-history":[{"count":0,"href":"https:\/\/amanecerhuasteco.com\/portal\/wp-json\/wp\/v2\/posts\/2455\/revisions"}],"wp:featuredmedia":[{"embeddable":true,"href":"https:\/\/amanecerhuasteco.com\/portal\/wp-json\/wp\/v2\/media\/2454"}],"wp:attachment":[{"href":"https:\/\/amanecerhuasteco.com\/portal\/wp-json\/wp\/v2\/media?parent=2455"}],"wp:term":[{"taxonomy":"category","embeddable":true,"href":"https:\/\/amanecerhuasteco.com\/portal\/wp-json\/wp\/v2\/categories?post=2455"},{"taxonomy":"post_tag","embeddable":true,"href":"https:\/\/amanecerhuasteco.com\/portal\/wp-json\/wp\/v2\/tags?post=2455"}],"curies":[{"name":"wp","href":"https:\/\/api.w.org\/{rel}","templated":true}]}}