{"id":2462,"date":"2012-12-03T14:06:31","date_gmt":"2012-12-03T20:06:31","guid":{"rendered":"http:\/\/amanecerhuasteco.com\/portal\/2012\/12\/03\/asiste-toranzo-a-toma-de-protesta-de-enrique-pena-nieto-como-presidente-de-mexico\/"},"modified":"2012-12-03T14:06:31","modified_gmt":"2012-12-03T20:06:31","slug":"asiste-toranzo-a-toma-de-protesta-de-enrique-pena-nieto-como-presidente-de-mexico","status":"publish","type":"post","link":"https:\/\/amanecerhuasteco.com\/portal\/asiste-toranzo-a-toma-de-protesta-de-enrique-pena-nieto-como-presidente-de-mexico\/","title":{"rendered":"ASISTE TORANZO A TOMA DE PROTESTA DE ENRIQUE PE\u00d1A NIETO COMO PRESIDENTE DE M\u00c9XICO"},"content":{"rendered":"<div style=\"text-align: justify\">El Gobernador del Estado, Doctor Fernando Toranzo Fern\u00e1ndez, acudi\u00f3 a la ceremonia de toma de protesta del nuevo Presidente de la Rep\u00fablica Enrique Pe\u00f1a Nieto, en el Congreso de la Uni\u00f3n, y posteriormente, lo acompa\u00f1\u00f3 en el primer mensaje que emiti\u00f3 a la Naci\u00f3n en el patio principal de Palacio Nacional en el centro hist\u00f3rico de la Ciudad de M\u00e9xico.<\/div>\n<div style=\"text-align: justify\"><\/div>\n<div style=\"text-align: justify\">M\u00e1s tarde, en el Campo Marte, el Doctor Toranzo, asisti\u00f3 a la ceremonia de salutaci\u00f3n de las fuerzas armadas.<\/div>\n<div style=\"text-align: justify\"><\/div>\n<div style=\"text-align: justify\">Al t\u00e9rmino del mensaje del Presidente de la Rep\u00fablica, el Gobernador del Estado, dijo que bajo la conducci\u00f3n del nuevo jefe de la naci\u00f3n se abren excelentes expectativas para San Luis Potos\u00ed, y confi\u00f3 en que, con el trabajo coordinado se enfrentar\u00e1n los grandes retos que permitir\u00e1n procurar mayor bienestar a las familias potosinas.<\/div>\n<div style=\"text-align: justify\"><\/div>\n<div style=\"text-align: justify\">El doctor Toranzo destac\u00f3 que de inmediato comenzar\u00e1 a establecer los canales de comunicaci\u00f3n con cada uno de los secretarios de estado, para presentarles los proyectos que tiene el Gobierno potosino para seguir consolidando el desarrollo de la entidad.<\/div>\n<div style=\"text-align: justify\"><\/div>\n<div style=\"text-align: justify\">Finalmente se\u00f1al\u00f3 que hay confianza en la sensibilidad del nuevo presidente de M\u00e9xico para respaldar las iniciativas de los potosinos.<\/div>\n","protected":false},"excerpt":{"rendered":"<p>El Gobernador del Estado, Doctor Fernando Toranzo Fern\u00e1ndez, acudi\u00f3 a la ceremonia de toma de protesta del nuevo Presidente de la Rep\u00fablica Enrique Pe\u00f1a Nieto, en el Congreso de la Uni\u00f3n, y posteriormente, lo acompa\u00f1\u00f3 en el primer mensaje que emiti\u00f3 a la Naci\u00f3n en &hellip; <\/p>\n","protected":false},"author":1,"featured_media":17874,"comment_status":"open","ping_status":"open","sticky":false,"template":"","format":"standard","meta":{"footnotes":""},"categories":[4],"tags":[],"class_list":["post-2462","post","type-post","status-publish","format-standard","has-post-thumbnail","hentry","category-inicio"],"_links":{"self":[{"href":"https:\/\/amanecerhuasteco.com\/portal\/wp-json\/wp\/v2\/posts\/2462","targetHints":{"allow":["GET"]}}],"collection":[{"href":"https:\/\/amanecerhuasteco.com\/portal\/wp-json\/wp\/v2\/posts"}],"about":[{"href":"https:\/\/amanecerhuasteco.com\/portal\/wp-json\/wp\/v2\/types\/post"}],"author":[{"embeddable":true,"href":"https:\/\/amanecerhuasteco.com\/portal\/wp-json\/wp\/v2\/users\/1"}],"replies":[{"embeddable":true,"href":"https:\/\/amanecerhuasteco.com\/portal\/wp-json\/wp\/v2\/comments?post=2462"}],"version-history":[{"count":0,"href":"https:\/\/amanecerhuasteco.com\/portal\/wp-json\/wp\/v2\/posts\/2462\/revisions"}],"wp:featuredmedia":[{"embeddable":true,"href":"https:\/\/amanecerhuasteco.com\/portal\/wp-json\/wp\/v2\/media\/17874"}],"wp:attachment":[{"href":"https:\/\/amanecerhuasteco.com\/portal\/wp-json\/wp\/v2\/media?parent=2462"}],"wp:term":[{"taxonomy":"category","embeddable":true,"href":"https:\/\/amanecerhuasteco.com\/portal\/wp-json\/wp\/v2\/categories?post=2462"},{"taxonomy":"post_tag","embeddable":true,"href":"https:\/\/amanecerhuasteco.com\/portal\/wp-json\/wp\/v2\/tags?post=2462"}],"curies":[{"name":"wp","href":"https:\/\/api.w.org\/{rel}","templated":true}]}}