{"id":2467,"date":"2012-12-03T20:35:03","date_gmt":"2012-12-04T02:35:03","guid":{"rendered":"http:\/\/amanecerhuasteco.com\/portal\/2012\/12\/03\/municipio-reitera-compromiso-con-discapacitados\/"},"modified":"2012-12-03T20:35:03","modified_gmt":"2012-12-04T02:35:03","slug":"municipio-reitera-compromiso-con-discapacitados","status":"publish","type":"post","link":"https:\/\/amanecerhuasteco.com\/portal\/municipio-reitera-compromiso-con-discapacitados\/","title":{"rendered":"MUNICIPIO REITERA COMPROMISO CON DISCAPACITADOS"},"content":{"rendered":"<div style=\"text-align: justify\">\u00a0<\/div>\n<div style=\"text-align: justify\"><strong>&#8211;\u00a0En el marco del D\u00eda Internacional de las \u00a0Personas \u00a0con Capacidades Diferentes<\/strong><\/div>\n<div style=\"text-align: justify\">Ciudad Valles 3\/12\/12.- El Secretario del Ayuntamiento, Gilberto Almend\u00e1rez Mar\u00edn, en representaci\u00f3n del Presidente Municipal, Juan Jos\u00e9 Ortiz Azuara reiter\u00f3 el compromiso de Igualdad de Derechos con las personas con capacidades diferentes, al conmemorarse hoy el D\u00eda Internacional de la Discapacidad.<\/div>\n<div style=\"text-align: justify\">\u00a0 \u00a0 En el \u00a0marco del acto c\u00edvico \u00a0de inicio de semana que se lleva a cabo en la explanada de la Plaza Principal y que estuvo a cargo de las escuelas de educaci\u00f3n especial \u00a0como el Centro de Atenci\u00f3n M\u00faltiple Mar\u00eda Montessori , en Ponciano Arriaga y todos los que confirman la USAER 05, en donde los alumnos discapacitados dieron muestra de su capacidad art\u00edstica y sensibilizaci\u00f3n al interpretar el tema de \u201cQue canten los ni\u00f1os\u201d, con especial entusiasmo y entrega, haciendo que las lagrimas asomaran en los ojos de los presentes.<\/div>\n<div style=\"text-align: justify\">\u00a0 \u00a0 \u00a0 \u00a0Al t\u00e9rmino del acto c\u00edvico, Almend\u00e1rez Mar\u00edn entreg\u00f3 un paquete \u00a0deportivo al CAM Mar\u00eda Montessori, para enseguida dirigirse a los presentes \u00a0y expresar que la igualdad de derecho que hoy se reafirma, debe hacerse respetar, al igual que el respeto a la dignidad, subrayando que la discapacidad no es un factor de diferencias, sino por el contrario debemos entender que todos los seres humanos somos iguales.<\/div>\n<div style=\"text-align: justify\">\u00a0 \u00a0Por \u00faltimo \u00a0manifest\u00f3 que las personas con capacidades diferentes hacen una contribuci\u00f3n valiosa con su fuerza de trabajo, como empleados y como empleadores y aunque enfrentan m\u00faltiples obst\u00e1culos, este ayuntamiento \u00a0busca los medios para apoyarlos por la valiosa aportaci\u00f3n que pueden realizar a favor de nuestra comunidad, reconoci\u00e9ndoles en esta fecha tan especial ese gran esfuerzo.\u00a0<\/div>\n","protected":false},"excerpt":{"rendered":"<p>\u00a0 &#8211;\u00a0En el marco del D\u00eda Internacional de las \u00a0Personas \u00a0con Capacidades Diferentes Ciudad Valles 3\/12\/12.- El Secretario del Ayuntamiento, Gilberto Almend\u00e1rez Mar\u00edn, en representaci\u00f3n del Presidente Municipal, Juan Jos\u00e9 Ortiz Azuara reiter\u00f3 el compromiso de Igualdad de Derechos con las personas con capacidades diferentes, &hellip; <\/p>\n","protected":false},"author":1,"featured_media":2466,"comment_status":"open","ping_status":"open","sticky":false,"template":"","format":"standard","meta":{"footnotes":""},"categories":[4],"tags":[],"class_list":["post-2467","post","type-post","status-publish","format-standard","has-post-thumbnail","hentry","category-inicio"],"_links":{"self":[{"href":"https:\/\/amanecerhuasteco.com\/portal\/wp-json\/wp\/v2\/posts\/2467","targetHints":{"allow":["GET"]}}],"collection":[{"href":"https:\/\/amanecerhuasteco.com\/portal\/wp-json\/wp\/v2\/posts"}],"about":[{"href":"https:\/\/amanecerhuasteco.com\/portal\/wp-json\/wp\/v2\/types\/post"}],"author":[{"embeddable":true,"href":"https:\/\/amanecerhuasteco.com\/portal\/wp-json\/wp\/v2\/users\/1"}],"replies":[{"embeddable":true,"href":"https:\/\/amanecerhuasteco.com\/portal\/wp-json\/wp\/v2\/comments?post=2467"}],"version-history":[{"count":0,"href":"https:\/\/amanecerhuasteco.com\/portal\/wp-json\/wp\/v2\/posts\/2467\/revisions"}],"wp:featuredmedia":[{"embeddable":true,"href":"https:\/\/amanecerhuasteco.com\/portal\/wp-json\/wp\/v2\/media\/2466"}],"wp:attachment":[{"href":"https:\/\/amanecerhuasteco.com\/portal\/wp-json\/wp\/v2\/media?parent=2467"}],"wp:term":[{"taxonomy":"category","embeddable":true,"href":"https:\/\/amanecerhuasteco.com\/portal\/wp-json\/wp\/v2\/categories?post=2467"},{"taxonomy":"post_tag","embeddable":true,"href":"https:\/\/amanecerhuasteco.com\/portal\/wp-json\/wp\/v2\/tags?post=2467"}],"curies":[{"name":"wp","href":"https:\/\/api.w.org\/{rel}","templated":true}]}}