{"id":2469,"date":"2012-12-03T20:54:12","date_gmt":"2012-12-04T02:54:12","guid":{"rendered":"http:\/\/amanecerhuasteco.com\/portal\/2012\/12\/03\/municipio-marcha-en-el-dia-mundial-de-lucha-contra-el-vihsida\/"},"modified":"2012-12-03T20:54:12","modified_gmt":"2012-12-04T02:54:12","slug":"municipio-marcha-en-el-dia-mundial-de-lucha-contra-el-vihsida","status":"publish","type":"post","link":"https:\/\/amanecerhuasteco.com\/portal\/municipio-marcha-en-el-dia-mundial-de-lucha-contra-el-vihsida\/","title":{"rendered":"MUNICIPIO MARCHA EN EL DIA MUNDIAL DE LUCHA CONTRA EL VIH\/SIDA"},"content":{"rendered":"<div style=\"text-align: justify\">\u00a0<\/div>\n<div style=\"text-align: justify\"><strong>&#8211;\u00a0Se \u00a0busca sensibilizar a la poblaci\u00f3n<\/strong><\/div>\n<div style=\"text-align: justify\">Ciudad Valles S.L.P. 3\/12\/12.- El ayuntamiento \u00a0a trav\u00e9s de su departamento de Igualdad y Diversidad Social, que dirige Norma Castillo Balleza, encabezo la marcha en \u201cEl D\u00eda Mundial \u00a0de Lucha contra el VIH\/SIDA\u201d que se llev\u00f3 a cabo este 1ro. de diciembre a las 9:00 horas, partiendo de la glorieta a Hidalgo para concluir en la Plaza Principal.<\/div>\n<div style=\"text-align: justify\">\u00a0 \u00a0 \u00a0 El Gobierno local se suma as\u00ed a los esfuerzos de prevenci\u00f3n \u00a0y apoyo a quienes padecen esta enfermedad, para lo cual en el transcurso de la marcha se entregaron folletos y tr\u00edpticos, adem\u00e1s de preservativos a todos las personas que se dieron cita a apoyar esta causa.<\/div>\n<div style=\"text-align: justify\">\u00a0 \u00a0 Por su parte el Secretario de Gesti\u00f3n y Desarrollo Municipal, C\u00e9sar Gonz\u00e1lez Garc\u00eda, fue el encargo de cortar el list\u00f3n inaugural del evento; para posteriormente, dar paso a una \u00a0actividad de orientaci\u00f3n, a fin de que la poblaci\u00f3n en general y sobre todo los j\u00f3venes, reflexionen sobre los riesgos que a su salud implica la enfermedad del VIH\/SIDA.<\/div>\n<div style=\"text-align: justify\">\u00a0 \u00a0 \u00a0 \u00a0Durante el d\u00eda y la tarde se cont\u00f3 con la presencia de grupos musicales y culturales que de esta manera amenizaron el evento y estuvieron presentes adem\u00e1s la Directora del SMDIF, Cecilia Guinea Corres, quienes exhortaron a los j\u00f3venes a no ignorar ni minimizar los riesgos de contraer esta peligrosa enfermedad, as\u00ed como tambi\u00e9n invit\u00f3 a quienes est\u00e1n en riesgo constante de contagio, someterse a los estudios cl\u00ednicos que les permitan atenderse m\u00e9dicamente a tiempo y aminorar los estragos que origina, pues como es sabido, a\u00fan no tiene cura.<\/div>\n<div style=\"text-align: justify\"><img decoding=\"async\" src=\"images\/stories\/-dic2012\/difsida2.jpg\" border=\"0\" alt=\"MUNICIPIO MARCHA EN EL DIA MUNDIAL DE LUCHA CONTRA EL VIH\/SIDA\" title=\"MUNICIPIO MARCHA EN EL DIA MUNDIAL DE LUCHA CONTRA EL VIH\/SIDA\" \/>\u00a0<\/div>\n","protected":false},"excerpt":{"rendered":"<p>\u00a0 &#8211;\u00a0Se \u00a0busca sensibilizar a la poblaci\u00f3n Ciudad Valles S.L.P. 3\/12\/12.- El ayuntamiento \u00a0a trav\u00e9s de su departamento de Igualdad y Diversidad Social, que dirige Norma Castillo Balleza, encabezo la marcha en \u201cEl D\u00eda Mundial \u00a0de Lucha contra el VIH\/SIDA\u201d que se llev\u00f3 a cabo &hellip; <\/p>\n","protected":false},"author":1,"featured_media":2468,"comment_status":"open","ping_status":"open","sticky":false,"template":"","format":"standard","meta":{"footnotes":""},"categories":[4],"tags":[],"class_list":["post-2469","post","type-post","status-publish","format-standard","has-post-thumbnail","hentry","category-inicio"],"_links":{"self":[{"href":"https:\/\/amanecerhuasteco.com\/portal\/wp-json\/wp\/v2\/posts\/2469","targetHints":{"allow":["GET"]}}],"collection":[{"href":"https:\/\/amanecerhuasteco.com\/portal\/wp-json\/wp\/v2\/posts"}],"about":[{"href":"https:\/\/amanecerhuasteco.com\/portal\/wp-json\/wp\/v2\/types\/post"}],"author":[{"embeddable":true,"href":"https:\/\/amanecerhuasteco.com\/portal\/wp-json\/wp\/v2\/users\/1"}],"replies":[{"embeddable":true,"href":"https:\/\/amanecerhuasteco.com\/portal\/wp-json\/wp\/v2\/comments?post=2469"}],"version-history":[{"count":0,"href":"https:\/\/amanecerhuasteco.com\/portal\/wp-json\/wp\/v2\/posts\/2469\/revisions"}],"wp:featuredmedia":[{"embeddable":true,"href":"https:\/\/amanecerhuasteco.com\/portal\/wp-json\/wp\/v2\/media\/2468"}],"wp:attachment":[{"href":"https:\/\/amanecerhuasteco.com\/portal\/wp-json\/wp\/v2\/media?parent=2469"}],"wp:term":[{"taxonomy":"category","embeddable":true,"href":"https:\/\/amanecerhuasteco.com\/portal\/wp-json\/wp\/v2\/categories?post=2469"},{"taxonomy":"post_tag","embeddable":true,"href":"https:\/\/amanecerhuasteco.com\/portal\/wp-json\/wp\/v2\/tags?post=2469"}],"curies":[{"name":"wp","href":"https:\/\/api.w.org\/{rel}","templated":true}]}}