{"id":2474,"date":"2012-12-04T14:23:04","date_gmt":"2012-12-04T20:23:04","guid":{"rendered":"http:\/\/amanecerhuasteco.com\/portal\/2012\/12\/04\/presentaran-iniciativa-de-reforma-a-la-ley-de-trabajadores-al-servicio-de-las-instituciones-publicas-del-estado\/"},"modified":"2012-12-04T14:23:04","modified_gmt":"2012-12-04T20:23:04","slug":"presentaran-iniciativa-de-reforma-a-la-ley-de-trabajadores-al-servicio-de-las-instituciones-publicas-del-estado","status":"publish","type":"post","link":"https:\/\/amanecerhuasteco.com\/portal\/presentaran-iniciativa-de-reforma-a-la-ley-de-trabajadores-al-servicio-de-las-instituciones-publicas-del-estado\/","title":{"rendered":"PRESENTAR\u00c1N INICIATIVA DE REFORMA A LA LEY DE TRABAJADORES AL SERVICIO DE LAS INSTITUCIONES P\u00daBLICAS DEL ESTADO"},"content":{"rendered":"<div style=\"text-align: justify\">Con el prop\u00f3sito de fortalecer el desempe\u00f1o de los recursos humanos y financieros, el Gobierno del Estado realizar\u00e1 un an\u00e1lisis integral de estos dos grandes rubros, dio a conocer la Oficial\u00eda Mayor, durante una reuni\u00f3n que sostuvo con directivos administrativos y jur\u00eddicos de todas las dependencias estatales y organismos descentralizados.\u00a0<\/div>\n<div style=\"text-align: justify\"><\/div>\n<div style=\"text-align: justify\">La dependencia trabaja en la elaboraci\u00f3n de una iniciativa de reforma a la Ley de los Trabajadores al Servicio de las Instituciones P\u00fablicas del Estado de San Luis Potos\u00ed, con el objeto de presentarla ante el Congreso del Estado durante el 2013, con la que se busca mejorar el ordenamiento que se traduzca en beneficio tanto para el Gobierno del Estado, como para los trabajadores.<\/div>\n<div style=\"text-align: justify\"><\/div>\n<div style=\"text-align: justify\">Adem\u00e1s, se realizar\u00e1 una revisi\u00f3n integral en cada una de las dependencias y entidades descentralizadas.\u00a0<\/div>\n<div style=\"text-align: justify\"><\/div>\n<div style=\"text-align: justify\">Dentro de la reestructuraci\u00f3n, se prev\u00e9 evitar contrataciones de personal o apertura de nuevas plazas en lo que resta de la administraci\u00f3n. Asimismo ser\u00e1n m\u00e1s exhaustivos los permisos de salida, la puntualidad, el rendimiento laboral, las incapacidades m\u00e9dicas, el respeto y la calidad en el servicio que prestan los servidores a los potosinos, entre otros.<\/div>\n","protected":false},"excerpt":{"rendered":"<p>Con el prop\u00f3sito de fortalecer el desempe\u00f1o de los recursos humanos y financieros, el Gobierno del Estado realizar\u00e1 un an\u00e1lisis integral de estos dos grandes rubros, dio a conocer la Oficial\u00eda Mayor, durante una reuni\u00f3n que sostuvo con directivos administrativos y jur\u00eddicos de todas las &hellip; <\/p>\n","protected":false},"author":1,"featured_media":17874,"comment_status":"open","ping_status":"open","sticky":false,"template":"","format":"standard","meta":{"footnotes":""},"categories":[11],"tags":[],"class_list":["post-2474","post","type-post","status-publish","format-standard","has-post-thumbnail","hentry","category-estado"],"_links":{"self":[{"href":"https:\/\/amanecerhuasteco.com\/portal\/wp-json\/wp\/v2\/posts\/2474","targetHints":{"allow":["GET"]}}],"collection":[{"href":"https:\/\/amanecerhuasteco.com\/portal\/wp-json\/wp\/v2\/posts"}],"about":[{"href":"https:\/\/amanecerhuasteco.com\/portal\/wp-json\/wp\/v2\/types\/post"}],"author":[{"embeddable":true,"href":"https:\/\/amanecerhuasteco.com\/portal\/wp-json\/wp\/v2\/users\/1"}],"replies":[{"embeddable":true,"href":"https:\/\/amanecerhuasteco.com\/portal\/wp-json\/wp\/v2\/comments?post=2474"}],"version-history":[{"count":0,"href":"https:\/\/amanecerhuasteco.com\/portal\/wp-json\/wp\/v2\/posts\/2474\/revisions"}],"wp:featuredmedia":[{"embeddable":true,"href":"https:\/\/amanecerhuasteco.com\/portal\/wp-json\/wp\/v2\/media\/17874"}],"wp:attachment":[{"href":"https:\/\/amanecerhuasteco.com\/portal\/wp-json\/wp\/v2\/media?parent=2474"}],"wp:term":[{"taxonomy":"category","embeddable":true,"href":"https:\/\/amanecerhuasteco.com\/portal\/wp-json\/wp\/v2\/categories?post=2474"},{"taxonomy":"post_tag","embeddable":true,"href":"https:\/\/amanecerhuasteco.com\/portal\/wp-json\/wp\/v2\/tags?post=2474"}],"curies":[{"name":"wp","href":"https:\/\/api.w.org\/{rel}","templated":true}]}}