{"id":2480,"date":"2012-12-04T14:40:50","date_gmt":"2012-12-04T20:40:50","guid":{"rendered":"http:\/\/amanecerhuasteco.com\/portal\/2012\/12\/04\/evento-deportivo-lleva-a-cabo-dif-en-el-dia-de-las-personas-con-discapacidad\/"},"modified":"2012-12-04T14:40:50","modified_gmt":"2012-12-04T20:40:50","slug":"evento-deportivo-lleva-a-cabo-dif-en-el-dia-de-las-personas-con-discapacidad","status":"publish","type":"post","link":"https:\/\/amanecerhuasteco.com\/portal\/evento-deportivo-lleva-a-cabo-dif-en-el-dia-de-las-personas-con-discapacidad\/","title":{"rendered":"EVENTO DEPORTIVO LLEVA A CABO DIF EN EL DIA DE LAS PERSONAS CON DISCAPACIDAD"},"content":{"rendered":"<div style=\"text-align: justify\"><strong>&#8211;\u00a0Participaron aproximadamente 300 personas<\/strong><\/div>\n<div style=\"text-align: justify\">La Directora del Sistema Municipal para el Desarrollo Integral de la Familia, Cecilia Guinea Corres, dio a conocer que, en el marco del D\u00eda Internacional de la Discapacidad, \u00a0se llev\u00f3 a cabo un evento l\u00fadico deportivo en las instalaciones del Parque P\u00edpila, en donde se cont\u00f3 con la asistencia de aproximadamente 300 personas.<\/div>\n<div style=\"text-align: justify\"><\/div>\n<div style=\"text-align: justify\">Indic\u00f3 que se invit\u00f3 a este evento a \u00a0alumnos de la escuela Down Marusita, Villa El Cielo y Pacientes del CRI, as\u00ed como a sus padres y familiares, quienes participaron activamente y con gran empe\u00f1o en carreras de carreolas, sillas de ruedas, zigzag, tiros de penales, canastas, entre otros, adem\u00e1s de una sesi\u00f3n de activaci\u00f3n f\u00edsica en la que tambi\u00e9n participaron empleados del Sistema Municipal DIF que se integraron con gran entusiasmo.<\/div>\n<div style=\"text-align: justify\">\u00a0Guinea Corres indic\u00f3 que al t\u00e9rmino del evento los ganadores fueron premiados con medallas simb\u00f3licas \u00a0y dejaron tras de s\u00ed una gran lecci\u00f3n, demostrando que son capaces de hacer muchas cosas y al mismo \u00a0tiempo dejan provocar que las autoridades renueven los \u00e1nimos de trabajar por ellos para ofrecerles mejores alternativas en todos los aspectos y con ello la posibilidad de mejorar tambi\u00e9n su calidad de vida.<\/div>\n","protected":false},"excerpt":{"rendered":"<p>&#8211;\u00a0Participaron aproximadamente 300 personas La Directora del Sistema Municipal para el Desarrollo Integral de la Familia, Cecilia Guinea Corres, dio a conocer que, en el marco del D\u00eda Internacional de la Discapacidad, \u00a0se llev\u00f3 a cabo un evento l\u00fadico deportivo en las instalaciones del Parque &hellip; <\/p>\n","protected":false},"author":1,"featured_media":2479,"comment_status":"open","ping_status":"open","sticky":false,"template":"","format":"standard","meta":{"footnotes":""},"categories":[7],"tags":[],"class_list":["post-2480","post","type-post","status-publish","format-standard","has-post-thumbnail","hentry","category-ciudad"],"_links":{"self":[{"href":"https:\/\/amanecerhuasteco.com\/portal\/wp-json\/wp\/v2\/posts\/2480","targetHints":{"allow":["GET"]}}],"collection":[{"href":"https:\/\/amanecerhuasteco.com\/portal\/wp-json\/wp\/v2\/posts"}],"about":[{"href":"https:\/\/amanecerhuasteco.com\/portal\/wp-json\/wp\/v2\/types\/post"}],"author":[{"embeddable":true,"href":"https:\/\/amanecerhuasteco.com\/portal\/wp-json\/wp\/v2\/users\/1"}],"replies":[{"embeddable":true,"href":"https:\/\/amanecerhuasteco.com\/portal\/wp-json\/wp\/v2\/comments?post=2480"}],"version-history":[{"count":0,"href":"https:\/\/amanecerhuasteco.com\/portal\/wp-json\/wp\/v2\/posts\/2480\/revisions"}],"wp:featuredmedia":[{"embeddable":true,"href":"https:\/\/amanecerhuasteco.com\/portal\/wp-json\/wp\/v2\/media\/2479"}],"wp:attachment":[{"href":"https:\/\/amanecerhuasteco.com\/portal\/wp-json\/wp\/v2\/media?parent=2480"}],"wp:term":[{"taxonomy":"category","embeddable":true,"href":"https:\/\/amanecerhuasteco.com\/portal\/wp-json\/wp\/v2\/categories?post=2480"},{"taxonomy":"post_tag","embeddable":true,"href":"https:\/\/amanecerhuasteco.com\/portal\/wp-json\/wp\/v2\/tags?post=2480"}],"curies":[{"name":"wp","href":"https:\/\/api.w.org\/{rel}","templated":true}]}}