{"id":2484,"date":"2012-12-05T14:16:02","date_gmt":"2012-12-05T20:16:02","guid":{"rendered":"http:\/\/amanecerhuasteco.com\/portal\/2012\/12\/05\/coronacion-de-la-reina-del-cbta-121\/"},"modified":"2012-12-05T14:16:02","modified_gmt":"2012-12-05T20:16:02","slug":"coronacion-de-la-reina-del-cbta-121","status":"publish","type":"post","link":"https:\/\/amanecerhuasteco.com\/portal\/coronacion-de-la-reina-del-cbta-121\/","title":{"rendered":"Coronaci\u00f3n de la Reina del CBTA 121"},"content":{"rendered":"<div style=\"text-align: justify\">\u00a0<\/div>\n<div style=\"text-align: justify\">Tamuin S.L.P.- El Centro de Bachillerato Tecnol\u00f3gico Agropecuario CBTA 121, llev\u00f3 a cabo un certamen para elegir a su representante de belleza, la \u201cSe\u00f1oritaCBTA 121\u201d, y el Gal\u00e1n CBTA 121,\u00a0<\/div>\n<div style=\"text-align: justify\">\u00a0 \u00a0 \u00a0En un evento de gala y con la presencia de las autoridades del plantel as\u00ed como las autoridades municipales, se llev\u00f3 a cabo la coronaci\u00f3n de la Reyna, quedando como Se\u00f1orita CBTA 121 la alumna Katia Bustos Zavala y como Gal\u00e1n Dar\u00edan Eduardo Narv\u00e1ez Garc\u00eda.\u00a0<\/div>\n<div style=\"text-align: justify\">\u00a0 \u00a0 \u00a0Al certamen estuvo como invitado de honor el presidente Municipal, Santiago Ledezma Cano as\u00ed como los integrantes del cabildo.<\/div>\n","protected":false},"excerpt":{"rendered":"<p>\u00a0 Tamuin S.L.P.- El Centro de Bachillerato Tecnol\u00f3gico Agropecuario CBTA 121, llev\u00f3 a cabo un certamen para elegir a su representante de belleza, la \u201cSe\u00f1oritaCBTA 121\u201d, y el Gal\u00e1n CBTA 121,\u00a0 \u00a0 \u00a0 \u00a0En un evento de gala y con la presencia de las autoridades &hellip; <\/p>\n","protected":false},"author":1,"featured_media":2483,"comment_status":"open","ping_status":"open","sticky":false,"template":"","format":"standard","meta":{"footnotes":""},"categories":[20],"tags":[],"class_list":["post-2484","post","type-post","status-publish","format-standard","has-post-thumbnail","hentry","category-tamuin"],"_links":{"self":[{"href":"https:\/\/amanecerhuasteco.com\/portal\/wp-json\/wp\/v2\/posts\/2484","targetHints":{"allow":["GET"]}}],"collection":[{"href":"https:\/\/amanecerhuasteco.com\/portal\/wp-json\/wp\/v2\/posts"}],"about":[{"href":"https:\/\/amanecerhuasteco.com\/portal\/wp-json\/wp\/v2\/types\/post"}],"author":[{"embeddable":true,"href":"https:\/\/amanecerhuasteco.com\/portal\/wp-json\/wp\/v2\/users\/1"}],"replies":[{"embeddable":true,"href":"https:\/\/amanecerhuasteco.com\/portal\/wp-json\/wp\/v2\/comments?post=2484"}],"version-history":[{"count":0,"href":"https:\/\/amanecerhuasteco.com\/portal\/wp-json\/wp\/v2\/posts\/2484\/revisions"}],"wp:featuredmedia":[{"embeddable":true,"href":"https:\/\/amanecerhuasteco.com\/portal\/wp-json\/wp\/v2\/media\/2483"}],"wp:attachment":[{"href":"https:\/\/amanecerhuasteco.com\/portal\/wp-json\/wp\/v2\/media?parent=2484"}],"wp:term":[{"taxonomy":"category","embeddable":true,"href":"https:\/\/amanecerhuasteco.com\/portal\/wp-json\/wp\/v2\/categories?post=2484"},{"taxonomy":"post_tag","embeddable":true,"href":"https:\/\/amanecerhuasteco.com\/portal\/wp-json\/wp\/v2\/tags?post=2484"}],"curies":[{"name":"wp","href":"https:\/\/api.w.org\/{rel}","templated":true}]}}