{"id":2488,"date":"2012-12-05T14:21:08","date_gmt":"2012-12-05T20:21:08","guid":{"rendered":"http:\/\/amanecerhuasteco.com\/portal\/2012\/12\/05\/realizan-foro-interinstitucional-en-beneficio-de-la-citricultura\/"},"modified":"2012-12-05T14:21:08","modified_gmt":"2012-12-05T20:21:08","slug":"realizan-foro-interinstitucional-en-beneficio-de-la-citricultura","status":"publish","type":"post","link":"https:\/\/amanecerhuasteco.com\/portal\/realizan-foro-interinstitucional-en-beneficio-de-la-citricultura\/","title":{"rendered":"REALIZAN FORO INTERINSTITUCIONAL EN BENEFICIO DE LA CITRICULTURA"},"content":{"rendered":"<div style=\"text-align: justify\">\u00a0<\/div>\n<div style=\"text-align: justify\">El cultivo de la naranja en el estado de San Luis Potos\u00ed representa una actividad econ\u00f3mica de alta inclusi\u00f3n social y ambiental, \u00a0gran parte de los ingresos y empleos para las zonas huasteca centro y sur, as\u00ed como la zona media son generados por la actividad citr\u00edcola, no obstante se enfrentan retos en el control de plagas, mejora del paquete tecnol\u00f3gico y comercializaci\u00f3n.<\/div>\n<div style=\"text-align: justify\"><\/div>\n<div style=\"text-align: justify\">En gira de trabajo por el municipio de Tampac\u00e1n, el titular de la Secretar\u00eda de Desarrollo Agropecuario y Recursos Hidr\u00e1ulicos coment\u00f3 que se llev\u00f3 a cabo el Foro Interinstitucional para el Desarrollo de la Citricultura en la Huasteca Potosina.<\/div>\n<div style=\"text-align: justify\"><\/div>\n<div style=\"text-align: justify\">El funcionario indic\u00f3 que por la importancia de la citricultura en la Huasteca Potosina, se encuentran en v\u00edas de encontrar estrategias para impulsar esta actividad.<\/div>\n<div style=\"text-align: justify\"><\/div>\n<div style=\"text-align: justify\">El objetivo de esta reuni\u00f3n fue \u00a0la definici\u00f3n de estrategias y programas de trabajo e implementar de manera coordinada ente el Gobierno Federal, Estatal, Congreso del Estado, Ayuntamientos y productores para fomentar el desarrollo de la actividad citr\u00edcola en la huasteca potosina.<\/div>\n<div style=\"text-align: justify\"><\/div>\n<div style=\"text-align: justify\">El titular de la dependencia agreg\u00f3 que estos encuentros permiten lograr acuerdos para mejorar las condiciones de este sector.<\/div>\n<div style=\"text-align: justify\"><\/div>\n<div style=\"text-align: justify\">Asistieron el Presidente Municipal de Tampac\u00e1n, Nicasio Martiniano Dolores, \u00a0Ur\u00edas Hern\u00e1ndez Pozos, Tesorero de la Uni\u00f3n Ganadera de la Huasteca Potosina, Carlos L\u00f3pez Cardona, Presidente Electo del Comit\u00e9 \u00a0de Sanidad Vegetal, los diputados Christian S\u00e1nchezS\u00e1nchez y Filem\u00f3n Hilario Flores adem\u00e1s de Francisco Armendaiz Montalvo, Especialista agropecuario de Apoyos y Servicios a la Comercializaci\u00f3n Agropecuaria (ASERCA). Adem\u00e1s de representantes de los municipios de Aquismon, Axtla de Terrazas, Matlapa, Tampamol\u00f3n, Tanqui\u00e1n, Xilitla, Tanlaj\u00e1s, San Martin Chalchicuautla y San Vicente.<\/div>\n<div style=\"text-align: justify\"><\/div>\n<div style=\"text-align: justify\"><\/div>\n<div style=\"text-align: justify\">El funcionario se\u00f1al\u00f3 que se tuvo la participaci\u00f3n de personal de la SEDARH para informar a los productores y asistentes a este foro con temas sobre Campa\u00f1as Contra el HLB y Moscas de la fruta y la Nueva Ley de Sanidad Vegetal.<\/div>\n<div style=\"text-align: justify\"><\/div>\n<div style=\"text-align: justify\">Adicional a esto se trataron temas como \u00a0La comercializaci\u00f3n en c\u00edtricos, \u00a0conceptos de cadena agroalimentaria, la citricultura en la huasteca potosina situaci\u00f3n actual y retos.<\/div>\n<div style=\"text-align: justify\"><\/div>\n<div style=\"text-align: justify\">Finalmente consider\u00f3 que \u00a0existe la oportunidad de alcanzar altos niveles de productividad si se realizan acciones gubernamentales con los est\u00edmulos t\u00e9cnicos y econ\u00f3micos que permitan mejorar la calidad mediante el control de plagas y acceso a mejores mercados y precios y ello s\u00f3lo ser\u00e1 posible con el apoyo interinstitucional.<\/div>\n<div style=\"text-align: justify\"><\/div>\n","protected":false},"excerpt":{"rendered":"<p>\u00a0 El cultivo de la naranja en el estado de San Luis Potos\u00ed representa una actividad econ\u00f3mica de alta inclusi\u00f3n social y ambiental, \u00a0gran parte de los ingresos y empleos para las zonas huasteca centro y sur, as\u00ed como la zona media son generados por &hellip; <\/p>\n","protected":false},"author":1,"featured_media":2487,"comment_status":"open","ping_status":"open","sticky":false,"template":"","format":"standard","meta":{"footnotes":""},"categories":[4],"tags":[],"class_list":["post-2488","post","type-post","status-publish","format-standard","has-post-thumbnail","hentry","category-inicio"],"_links":{"self":[{"href":"https:\/\/amanecerhuasteco.com\/portal\/wp-json\/wp\/v2\/posts\/2488","targetHints":{"allow":["GET"]}}],"collection":[{"href":"https:\/\/amanecerhuasteco.com\/portal\/wp-json\/wp\/v2\/posts"}],"about":[{"href":"https:\/\/amanecerhuasteco.com\/portal\/wp-json\/wp\/v2\/types\/post"}],"author":[{"embeddable":true,"href":"https:\/\/amanecerhuasteco.com\/portal\/wp-json\/wp\/v2\/users\/1"}],"replies":[{"embeddable":true,"href":"https:\/\/amanecerhuasteco.com\/portal\/wp-json\/wp\/v2\/comments?post=2488"}],"version-history":[{"count":0,"href":"https:\/\/amanecerhuasteco.com\/portal\/wp-json\/wp\/v2\/posts\/2488\/revisions"}],"wp:featuredmedia":[{"embeddable":true,"href":"https:\/\/amanecerhuasteco.com\/portal\/wp-json\/wp\/v2\/media\/2487"}],"wp:attachment":[{"href":"https:\/\/amanecerhuasteco.com\/portal\/wp-json\/wp\/v2\/media?parent=2488"}],"wp:term":[{"taxonomy":"category","embeddable":true,"href":"https:\/\/amanecerhuasteco.com\/portal\/wp-json\/wp\/v2\/categories?post=2488"},{"taxonomy":"post_tag","embeddable":true,"href":"https:\/\/amanecerhuasteco.com\/portal\/wp-json\/wp\/v2\/tags?post=2488"}],"curies":[{"name":"wp","href":"https:\/\/api.w.org\/{rel}","templated":true}]}}