{"id":24911,"date":"2018-06-04T07:56:04","date_gmt":"2018-06-04T13:56:04","guid":{"rendered":"http:\/\/amanecerhuasteco.com\/portal\/?p=24911"},"modified":"2018-06-04T07:56:04","modified_gmt":"2018-06-04T13:56:04","slug":"rafael-perez-firma-compromisos-con-habitantes-de-san-vicente","status":"publish","type":"post","link":"https:\/\/amanecerhuasteco.com\/portal\/rafael-perez-firma-compromisos-con-habitantes-de-san-vicente\/","title":{"rendered":"Rafael P\u00e9rez firma compromisos con habitantes de San Vicente"},"content":{"rendered":"<p><img decoding=\"async\" class=\"alignnone size-medium wp-image-24913\" src=\"https:\/\/amanecerhuasteco.com\/portal\/wp-content\/uploads\/2018\/06\/4-6-18-rafa-2-300x158.jpg\" alt=\"\" width=\"300\" height=\"158\" \/><\/p>\n<p>-San Francisco Cuayalab da su apoyo al candidato a diputado local por el distrito XIII por el PRI-PVEM<\/p>\n<p>San Vicente.- \u00a0Comprometi\u00e9ndose a presentar iniciativas que atender los servicios de primera necesidad de las familias de San Francisco Cuayalab, en donde, siguen padeciendo la falta de agua en sus hogares, el candidato a la Diputaci\u00f3n Local Distrito XIII, Rafael P\u00e9rez Vargas, se particip\u00f3 en una reuni\u00f3n con la ciudadan\u00eda para cerrar acuerdos.<\/p>\n<p>Con la asistencia de unas 300 personas se realiz\u00f3 la asamblea que se convoc\u00f3 en la galera ejidal, en donde, las familias expusieron como primera necesidad y la m\u00e1s urgente darle continuidad el proyecto para hacer llegar el agua a sus hogares, ya que tienen que caminar varios kil\u00f3metros para llegar a la presa que les abastece de agua para el uso dom\u00e9stico.<\/p>\n<p>El abanderado del PRI, Verde y Conciencia Popular, Rafael P\u00e9rez Vargas, acompa\u00f1\u00f3 al candidato la Alcald\u00eda por el PRI, Nueva Alianza y Conciencia Popular, Josu\u00e9 Soni Cortez, para hacer compromisos juntos y sacar adelante a esas familias que por a\u00f1os han sufrido la falta de agua que solo les llevan una vez al mes.<\/p>\n<p>Rafael P\u00e9rez Vargas, dijo que, desde el Congreso Local, estar\u00e1 en condiciones de gestionar y apoyar el proyecto de Josu\u00e9 Soni para que llevar el agua a los hogares de San Francisco Cuayalab.<\/p>\n","protected":false},"excerpt":{"rendered":"<p>-San Francisco Cuayalab da su apoyo al candidato a diputado local por el distrito XIII por el PRI-PVEM San Vicente.- \u00a0Comprometi\u00e9ndose a presentar iniciativas que atender los servicios de primera necesidad de las familias de San Francisco Cuayalab, en donde, siguen padeciendo la falta de &hellip; <\/p>\n","protected":false},"author":1,"featured_media":24912,"comment_status":"open","ping_status":"open","sticky":false,"template":"","format":"standard","meta":{"footnotes":""},"categories":[7,11,4,5,24],"tags":[],"class_list":["post-24911","post","type-post","status-publish","format-standard","has-post-thumbnail","hentry","category-ciudad","category-estado","category-inicio","category-politica","category-san-vicente"],"_links":{"self":[{"href":"https:\/\/amanecerhuasteco.com\/portal\/wp-json\/wp\/v2\/posts\/24911","targetHints":{"allow":["GET"]}}],"collection":[{"href":"https:\/\/amanecerhuasteco.com\/portal\/wp-json\/wp\/v2\/posts"}],"about":[{"href":"https:\/\/amanecerhuasteco.com\/portal\/wp-json\/wp\/v2\/types\/post"}],"author":[{"embeddable":true,"href":"https:\/\/amanecerhuasteco.com\/portal\/wp-json\/wp\/v2\/users\/1"}],"replies":[{"embeddable":true,"href":"https:\/\/amanecerhuasteco.com\/portal\/wp-json\/wp\/v2\/comments?post=24911"}],"version-history":[{"count":2,"href":"https:\/\/amanecerhuasteco.com\/portal\/wp-json\/wp\/v2\/posts\/24911\/revisions"}],"predecessor-version":[{"id":24915,"href":"https:\/\/amanecerhuasteco.com\/portal\/wp-json\/wp\/v2\/posts\/24911\/revisions\/24915"}],"wp:featuredmedia":[{"embeddable":true,"href":"https:\/\/amanecerhuasteco.com\/portal\/wp-json\/wp\/v2\/media\/24912"}],"wp:attachment":[{"href":"https:\/\/amanecerhuasteco.com\/portal\/wp-json\/wp\/v2\/media?parent=24911"}],"wp:term":[{"taxonomy":"category","embeddable":true,"href":"https:\/\/amanecerhuasteco.com\/portal\/wp-json\/wp\/v2\/categories?post=24911"},{"taxonomy":"post_tag","embeddable":true,"href":"https:\/\/amanecerhuasteco.com\/portal\/wp-json\/wp\/v2\/tags?post=24911"}],"curies":[{"name":"wp","href":"https:\/\/api.w.org\/{rel}","templated":true}]}}