{"id":2496,"date":"2012-12-06T14:28:45","date_gmt":"2012-12-06T20:28:45","guid":{"rendered":"http:\/\/amanecerhuasteco.com\/portal\/2012\/12\/06\/antes-de-autorizar-cualquier-incremento-a-tarifa-de-agua-se-revisaran-las-nominas-infladas-como-la-de-valles\/"},"modified":"2012-12-06T14:28:45","modified_gmt":"2012-12-06T20:28:45","slug":"antes-de-autorizar-cualquier-incremento-a-tarifa-de-agua-se-revisaran-las-nominas-infladas-como-la-de-valles","status":"publish","type":"post","link":"https:\/\/amanecerhuasteco.com\/portal\/antes-de-autorizar-cualquier-incremento-a-tarifa-de-agua-se-revisaran-las-nominas-infladas-como-la-de-valles\/","title":{"rendered":"ANTES DE AUTORIZAR CUALQUIER INCREMENTO A TARIFA DE AGUA SE REVISARAN LAS NOMINAS \u201cINFLADAS\u201d COMO LA DE VALLES"},"content":{"rendered":"<div style=\"text-align: justify\"><strong>-FALTA QUE LO APRUEBE EL PLENO DEL CONGRESO<\/strong><\/div>\n<div style=\"text-align: justify\">Ciudad Valles S.L.P. 5\/12\/12.- Fue un ardid \u00a0del titular de la DAPAS declarar que \u201c ,\u2026.la Comisi\u00f3n del Agua del congreso del estado hab\u00eda dado luz verde a la solicitud de aumentar un 10% a las tarifas del agua en Valles\u201d en realidad \u00a0solamente la Auditor\u00eda Superior hab\u00eda emitido un dictamen favorable en ese sentido, anoche (del martes) oficialmente se comunic\u00f3 que solamente un 5% ser\u00e1 sometido a la aprobaci\u00f3n o negativa del Pleno del congreso \u00a0este jueves.<\/div>\n<div style=\"text-align: justify\">El diputado Francisco Mart\u00ednez Ibarra presidente de la comisi\u00f3n del agua en el Congreso, declar\u00f3 que la ASE hab\u00eda emitido un dictamen favorable a la solicitud de la DAPAS \u00a0de Valles para un aumento del 10 por ciento, mas \u00a0esa comisi\u00f3n no hab\u00eda \u201cdado luz verde\u201d a la solicitud de Valles.<\/div>\n<div style=\"text-align: justify\">\u00a0 \u00a0 \u00a0Anoche el mismo legislador comunic\u00f3 que solo se autoriza a la DAPAS \u00a0de Valles un CINCO POR CIENTO, a Axtla un 3.4% \u00a0y en la misma proporci\u00f3n a Tamu\u00edn que solicit\u00f3 un 30 por ciento.<\/div>\n<div style=\"text-align: justify\">\u00a0 \u00a0 \u00a0Po su parte el Diputado Rub\u00e9n Guajardo, manifest\u00f3 d\u00edas antes que antes de autorizar el incremento \u00a0deb\u00edan analizar las operaciones de los organismos operadores del agua porque seg\u00fan ten\u00eda conocimiento, el de Valles operaba con una \u201cn\u00f3mina inflada\u201d .<\/div>\n","protected":false},"excerpt":{"rendered":"<p>-FALTA QUE LO APRUEBE EL PLENO DEL CONGRESO Ciudad Valles S.L.P. 5\/12\/12.- Fue un ardid \u00a0del titular de la DAPAS declarar que \u201c ,\u2026.la Comisi\u00f3n del Agua del congreso del estado hab\u00eda dado luz verde a la solicitud de aumentar un 10% a las tarifas &hellip; <\/p>\n","protected":false},"author":1,"featured_media":17874,"comment_status":"open","ping_status":"open","sticky":false,"template":"","format":"standard","meta":{"footnotes":""},"categories":[11],"tags":[],"class_list":["post-2496","post","type-post","status-publish","format-standard","has-post-thumbnail","hentry","category-estado"],"_links":{"self":[{"href":"https:\/\/amanecerhuasteco.com\/portal\/wp-json\/wp\/v2\/posts\/2496","targetHints":{"allow":["GET"]}}],"collection":[{"href":"https:\/\/amanecerhuasteco.com\/portal\/wp-json\/wp\/v2\/posts"}],"about":[{"href":"https:\/\/amanecerhuasteco.com\/portal\/wp-json\/wp\/v2\/types\/post"}],"author":[{"embeddable":true,"href":"https:\/\/amanecerhuasteco.com\/portal\/wp-json\/wp\/v2\/users\/1"}],"replies":[{"embeddable":true,"href":"https:\/\/amanecerhuasteco.com\/portal\/wp-json\/wp\/v2\/comments?post=2496"}],"version-history":[{"count":0,"href":"https:\/\/amanecerhuasteco.com\/portal\/wp-json\/wp\/v2\/posts\/2496\/revisions"}],"wp:featuredmedia":[{"embeddable":true,"href":"https:\/\/amanecerhuasteco.com\/portal\/wp-json\/wp\/v2\/media\/17874"}],"wp:attachment":[{"href":"https:\/\/amanecerhuasteco.com\/portal\/wp-json\/wp\/v2\/media?parent=2496"}],"wp:term":[{"taxonomy":"category","embeddable":true,"href":"https:\/\/amanecerhuasteco.com\/portal\/wp-json\/wp\/v2\/categories?post=2496"},{"taxonomy":"post_tag","embeddable":true,"href":"https:\/\/amanecerhuasteco.com\/portal\/wp-json\/wp\/v2\/tags?post=2496"}],"curies":[{"name":"wp","href":"https:\/\/api.w.org\/{rel}","templated":true}]}}