{"id":24966,"date":"2018-06-05T05:21:48","date_gmt":"2018-06-05T11:21:48","guid":{"rendered":"http:\/\/amanecerhuasteco.com\/portal\/?p=24966"},"modified":"2018-06-05T05:21:48","modified_gmt":"2018-06-05T11:21:48","slug":"primaria-constituyentes-de-1857-1917-encabezo-el-homenaje-a-los-simbolos-patrios","status":"publish","type":"post","link":"https:\/\/amanecerhuasteco.com\/portal\/primaria-constituyentes-de-1857-1917-encabezo-el-homenaje-a-los-simbolos-patrios\/","title":{"rendered":"Primaria \u201cconstituyentes de 1857-1917\u201d encabez\u00f3 el homenaje \u00a0\u00a0\u00a0a los s\u00edmbolos patrios."},"content":{"rendered":"<p>&nbsp;<\/p>\n<p>Ciudad Valles.- La Escuela Primaria \u201cConstituyentes de 1857-1917\u201d llev\u00f3 a cabo este lunes 4 de Junio el Homenaje a los S\u00edmbolos Patrios en la Plaza Principal de Ciudad Valles.<\/p>\n<p>El acto c\u00edvico inici\u00f3 a las 8:30 horas, donde se realizaron los Honores a la Bandera, se enton\u00f3 el Himno Nacional Mexicano y se dio lectura a las efem\u00e9rides de la semana del 2 al 9 de junio de este a\u00f1o que estuvo a cargo de un grupo de alumnos del plantel educativo.<\/p>\n<p>Asimismo se present\u00f3 la rese\u00f1a hist\u00f3rica sobre la \u201cPrimera Comisi\u00f3n de los Derechos Humanos\u201d, por la alumna Diana Yamileth Luna Peralta; y se present\u00f3 la pieza musical titulada \u201cLos Derechos Humanos\u201d por alumnos del quinto grado, grupo \u201cA\u201d.<\/p>\n<p>Al t\u00e9rmino de la ceremonia c\u00edvica, el Gobierno Municipal luego de que el Servicio Meteorol\u00f3gico Nacional anunciara que continuar\u00e1 la onda fuerte de calor durante esta semana, reiter\u00f3 el llamado a la poblaci\u00f3n para protegerse de los rayos del sol, a mantenerse hidratada y en general cuidar la salud de la familia, sobre todo de los ni\u00f1os y los adultos mayores.<\/p>\n","protected":false},"excerpt":{"rendered":"<p>&nbsp; Ciudad Valles.- La Escuela Primaria \u201cConstituyentes de 1857-1917\u201d llev\u00f3 a cabo este lunes 4 de Junio el Homenaje a los S\u00edmbolos Patrios en la Plaza Principal de Ciudad Valles. El acto c\u00edvico inici\u00f3 a las 8:30 horas, donde se realizaron los Honores a la &hellip; <\/p>\n","protected":false},"author":1,"featured_media":24967,"comment_status":"open","ping_status":"open","sticky":false,"template":"","format":"standard","meta":{"footnotes":""},"categories":[7,11,4,5],"tags":[],"class_list":["post-24966","post","type-post","status-publish","format-standard","has-post-thumbnail","hentry","category-ciudad","category-estado","category-inicio","category-politica"],"_links":{"self":[{"href":"https:\/\/amanecerhuasteco.com\/portal\/wp-json\/wp\/v2\/posts\/24966","targetHints":{"allow":["GET"]}}],"collection":[{"href":"https:\/\/amanecerhuasteco.com\/portal\/wp-json\/wp\/v2\/posts"}],"about":[{"href":"https:\/\/amanecerhuasteco.com\/portal\/wp-json\/wp\/v2\/types\/post"}],"author":[{"embeddable":true,"href":"https:\/\/amanecerhuasteco.com\/portal\/wp-json\/wp\/v2\/users\/1"}],"replies":[{"embeddable":true,"href":"https:\/\/amanecerhuasteco.com\/portal\/wp-json\/wp\/v2\/comments?post=24966"}],"version-history":[{"count":1,"href":"https:\/\/amanecerhuasteco.com\/portal\/wp-json\/wp\/v2\/posts\/24966\/revisions"}],"predecessor-version":[{"id":24968,"href":"https:\/\/amanecerhuasteco.com\/portal\/wp-json\/wp\/v2\/posts\/24966\/revisions\/24968"}],"wp:featuredmedia":[{"embeddable":true,"href":"https:\/\/amanecerhuasteco.com\/portal\/wp-json\/wp\/v2\/media\/24967"}],"wp:attachment":[{"href":"https:\/\/amanecerhuasteco.com\/portal\/wp-json\/wp\/v2\/media?parent=24966"}],"wp:term":[{"taxonomy":"category","embeddable":true,"href":"https:\/\/amanecerhuasteco.com\/portal\/wp-json\/wp\/v2\/categories?post=24966"},{"taxonomy":"post_tag","embeddable":true,"href":"https:\/\/amanecerhuasteco.com\/portal\/wp-json\/wp\/v2\/tags?post=24966"}],"curies":[{"name":"wp","href":"https:\/\/api.w.org\/{rel}","templated":true}]}}