{"id":24969,"date":"2018-06-05T05:25:00","date_gmt":"2018-06-05T11:25:00","guid":{"rendered":"http:\/\/amanecerhuasteco.com\/portal\/?p=24969"},"modified":"2018-06-05T05:25:00","modified_gmt":"2018-06-05T11:25:00","slug":"durante-dos-semanas-habra-cierre-parcial-en-puente-de-la-avenida-pas-por-trabajos-de-rehabilitacion","status":"publish","type":"post","link":"https:\/\/amanecerhuasteco.com\/portal\/durante-dos-semanas-habra-cierre-parcial-en-puente-de-la-avenida-pas-por-trabajos-de-rehabilitacion\/","title":{"rendered":"Durante dos semanas habr\u00e1 cierre parcial en puente de la avenida PAS por trabajos de rehabilitaci\u00f3n."},"content":{"rendered":"<p>&nbsp;<\/p>\n<p>Ciudad Valles.- La Direcci\u00f3n de Obras P\u00fablicas Municipales de Ciudad Valles dio a conocer que durante dos semanas el puente de la avenida Pedro Antonio Santos permanecer\u00e1 con cierre parcial debido a trabajos de mantenimiento que se realizar\u00e1n en este acceso para la reposici\u00f3n de pavimento da\u00f1ado.<\/p>\n<p>Se reparar\u00e1n 40 metros cuadrados de pavimento en este tramo, debido al da\u00f1o presentado en la loza de concreto, la cual presentaba fracturas, y por ello se procedi\u00f3 a la demolici\u00f3n de un carril, su compactaci\u00f3n y colado, y luego habr\u00e1 de esperarse una semana para el secado completo, por lo cual solo habr\u00e1 un carril disponible para la circulaci\u00f3n sobre esa avenida.<\/p>\n<p>Posteriormente, el pr\u00f3ximo s\u00e1bado, se proceder\u00e1 a realizar los trabajos de rehabilitaci\u00f3n en el otro carril, en donde tambi\u00e9n se realizar\u00e1 la demolici\u00f3n del tramo da\u00f1ado, la compactaci\u00f3n y colado, y tambi\u00e9n se dar\u00e1 una semana de espera para el secado completo y despu\u00e9s de ello, se reabrir\u00e1 en su totalidad la circulaci\u00f3n en ese acceso.<\/p>\n<p>Por las afectaciones que estos trabajos causar\u00e1n en la vialidad en este tramo de la avenida Pedro Antonio Santos, la Direcci\u00f3n de Obras P\u00fablicas pidi\u00f3 comprensi\u00f3n a los automovilistas y a su vez hizo un exhorto a extremar precauciones al transitar por esta zona, durante las dos semanas que duren los trabajos de rehabilitaci\u00f3n en el puente.<\/p>\n<p>&nbsp;<\/p>\n","protected":false},"excerpt":{"rendered":"<p>&nbsp; Ciudad Valles.- La Direcci\u00f3n de Obras P\u00fablicas Municipales de Ciudad Valles dio a conocer que durante dos semanas el puente de la avenida Pedro Antonio Santos permanecer\u00e1 con cierre parcial debido a trabajos de mantenimiento que se realizar\u00e1n en este acceso para la reposici\u00f3n &hellip; <\/p>\n","protected":false},"author":1,"featured_media":24970,"comment_status":"open","ping_status":"open","sticky":false,"template":"","format":"standard","meta":{"footnotes":""},"categories":[7,11,4,5],"tags":[],"class_list":["post-24969","post","type-post","status-publish","format-standard","has-post-thumbnail","hentry","category-ciudad","category-estado","category-inicio","category-politica"],"_links":{"self":[{"href":"https:\/\/amanecerhuasteco.com\/portal\/wp-json\/wp\/v2\/posts\/24969","targetHints":{"allow":["GET"]}}],"collection":[{"href":"https:\/\/amanecerhuasteco.com\/portal\/wp-json\/wp\/v2\/posts"}],"about":[{"href":"https:\/\/amanecerhuasteco.com\/portal\/wp-json\/wp\/v2\/types\/post"}],"author":[{"embeddable":true,"href":"https:\/\/amanecerhuasteco.com\/portal\/wp-json\/wp\/v2\/users\/1"}],"replies":[{"embeddable":true,"href":"https:\/\/amanecerhuasteco.com\/portal\/wp-json\/wp\/v2\/comments?post=24969"}],"version-history":[{"count":1,"href":"https:\/\/amanecerhuasteco.com\/portal\/wp-json\/wp\/v2\/posts\/24969\/revisions"}],"predecessor-version":[{"id":24971,"href":"https:\/\/amanecerhuasteco.com\/portal\/wp-json\/wp\/v2\/posts\/24969\/revisions\/24971"}],"wp:featuredmedia":[{"embeddable":true,"href":"https:\/\/amanecerhuasteco.com\/portal\/wp-json\/wp\/v2\/media\/24970"}],"wp:attachment":[{"href":"https:\/\/amanecerhuasteco.com\/portal\/wp-json\/wp\/v2\/media?parent=24969"}],"wp:term":[{"taxonomy":"category","embeddable":true,"href":"https:\/\/amanecerhuasteco.com\/portal\/wp-json\/wp\/v2\/categories?post=24969"},{"taxonomy":"post_tag","embeddable":true,"href":"https:\/\/amanecerhuasteco.com\/portal\/wp-json\/wp\/v2\/tags?post=24969"}],"curies":[{"name":"wp","href":"https:\/\/api.w.org\/{rel}","templated":true}]}}